{"id":302416,"date":"2026-09-03T09:48:46","date_gmt":"2026-09-03T07:48:46","guid":{"rendered":"https:\/\/os-sradic-im.skole.hr\/?p=302416"},"modified":"2026-09-03T09:48:46","modified_gmt":"2026-09-03T07:48:46","slug":"pocetak-nove-skolske-godine","status":"publish","type":"post","link":"https:\/\/os-sradic-im.skole.hr\/?p=302416","title":{"rendered":"Po\u010detak nove \u0161kolske godine"},"content":{"rendered":"<p>[et_pb_section fb_built=&#8221;1&#8243; theme_builder_area=&#8221;post_content&#8221; _builder_version=&#8221;4.27.6&#8243; _module_preset=&#8221;default&#8221;][et_pb_row _builder_version=&#8221;4.27.6&#8243; _module_preset=&#8221;default&#8221; theme_builder_area=&#8221;post_content&#8221;][et_pb_column _builder_version=&#8221;4.27.6&#8243; _module_preset=&#8221;default&#8221; type=&#8221;4_4&#8243; theme_builder_area=&#8221;post_content&#8221;][et_pb_accordion _builder_version=&#8221;4.27.6&#8243; _module_preset=&#8221;default&#8221; theme_builder_area=&#8221;post_content&#8221; hover_enabled=&#8221;0&#8243; sticky_enabled=&#8221;0&#8243;][et_pb_accordion_item _builder_version=&#8221;4.27.6&#8243; _module_preset=&#8221;default&#8221; theme_builder_area=&#8221;post_content&#8221; open=&#8221;on&#8221; hover_enabled=&#8221;0&#8243; sticky_enabled=&#8221;0&#8243;]<\/p>\n<p><strong>Nastavna godina zapo\u010dinje 7. rujna 2026.<\/strong><\/p>\n<p><strong><span>PRVI NASTAVNI DAN:<\/span><\/strong><\/p>\n<p><span style=\"text-decoration: underline\"><strong>U\u010denici od 2. do 8. razreda\u00a0<\/strong><\/span>dolaze u \u0161kolu u 8 sati.\u00a0U\u010denike 5. razreda njihovi\u00a0razrednici do\u010dekat \u0107e ispred \u0161kole.<\/p>\n<p><span style=\"color: #3366ff\"><strong><u>U\u010denici razredne nastave i\u0107i \u0107e\u00a0u svoje u\u010dionice, a u\u010denici predmetne nastave<\/u>\u00a0raspore\u0111eni su prema sljede\u0107em rasporedu u\u010dionica:<\/strong><\/span><\/p>\n<p><strong>5.a<\/strong><span>\u00a0<\/span>\u2013 u\u010d. 26,\u00a0<strong>5.b<\/strong><span>\u00a0<\/span>\u2013 u\u010d. 12,<span>\u00a0<\/span><strong>5.c<\/strong><span>\u00a0<\/span>\u2013 u\u010d. 15;<\/p>\n<p><strong>6.a<\/strong><span>\u00a0<\/span>\u2013 u\u010d. 36,<span>\u00a0<\/span><strong>6.b<\/strong><span>\u00a0<\/span>\u2013 u\u010d. 24,<span>\u00a0<\/span><strong>6.c<\/strong><span>\u00a0<\/span>\u2013 u\u010d. 11;<\/p>\n<p><strong>7.a<\/strong><span>\u00a0<\/span>\u2013 u\u010d. 16,<span>\u00a0<\/span><strong>7.b<\/strong><span>\u00a0<\/span>\u2013 u\u010d. 17,\u00a0<strong>7.c<\/strong><span>\u00a0<\/span>\u2013 u\u010d. 25;<\/p>\n<p><strong>8.a<\/strong><span>\u00a0<\/span>\u2013 u\u010d. 27,\u00a0<strong>8.b<\/strong><span>\u00a0<\/span>\u2013 u\u010d. 10,\u00a0<strong>8.c<\/strong><span>\u00a0<\/span>\u2013 u\u010d. 35.<\/p>\n<p>Sv. misa za u\u010denike i djelatnike na\u0161e \u0161kole odr\u017eat \u0107e se\u00a0<span style=\"color: #800080\"><u><strong>u 9 sati u crkvi sv. Franje<\/strong><\/u><\/span>\u00a0u Imotskom nakon \u010dega u\u010denici idu svojim ku\u0107ama.\u00a0<span style=\"color: #ff6600\"><strong>U\u010denike putnike autobusi \u0107e voziti ku\u0107i u 10 i 15 sati.<\/strong><\/span><\/p>\n<p><span style=\"color: #008000\"><strong>U\u010denici 1. razreda\u00a0svoj prvi \u0161kolski dan zapo\u010det \u0107e sv. misom u 9 sati, a nakon mise sa svojim \u0107e roditeljima i\u0107i u \u0161kolu gdje \u0107e ih do\u010dekati njihove u\u010diteljice i prigodni program dobrodo\u0161lice u predvorju \u0161kole.<\/strong><\/span><\/p>\n<p><span style=\"color: #008080\"><strong>Svi u\u010denici\u00a0podru\u010dnih\u00a0\u0161kola od 1. do 4. razreda\u00a0u svoje \u0161kole dolaze u 8 sati.<\/strong><\/span><\/p>\n<p><span><strong>Molimo u\u010denike da u \u0161kolu dolaze pristojno i prikladno odjeveni (neprikladno je nositi kratke hla\u010de, majice iznad pupka, majice bez rukava, poderana odje\u0107a i sli\u010dno)!<\/strong><\/span><\/p>\n<p><span><strong>Roditelji u\u010denika 1. i 5. razreda upisanih u centralnu \u0161kolu u \u0161k. god. 2026.\/27. informaciju o razrednom odjelu djeteta mogu dobiti pozivom na tel. 021\/841-107 (tajni\u0161tvo \u0161kole)\u00a0 isklju\u010divo u petak (4.9.2026.) od 9 do 12 sati.<\/strong><\/span><span><strong><\/strong><\/span><\/p>\n<p><span style=\"color: #ff6600\"><strong>Za sve u\u010denike u razredima su pripremljeni\u00a0ud\u017ebenici i radni materijali pa trebaju ponijeti\u00a0<u>svoje \u0161kolske torbe<\/u>\u00a0kako bi ih lak\u0161e preuzeli.\u00a0<\/strong><\/span><\/p>\n<p>Grad Imotski i ove godine financira radne bilje\u017enice i likovne mape za sve na\u0161e u\u010denike na \u010demu im zahvaljujemo!<\/p>\n<p>Ravnatelj:<\/p>\n<p>Marko Mende\u0161, prof.<\/p>\n<p>[\/et_pb_accordion_item][\/et_pb_accordion][\/et_pb_column][\/et_pb_row][\/et_pb_section]<\/p>\n","protected":false},"excerpt":{"rendered":"<p>Nastavna godina zapo\u010dinje 7. rujna 2026. PRVI NASTAVNI DAN: U\u010denici od 2. do 8. razreda\u00a0dolaze u \u0161kolu u 8 sati.\u00a0U\u010denike 5. razreda njihovi\u00a0razrednici do\u010dekat \u0107e ispred \u0161kole. U\u010denici razredne nastave i\u0107i \u0107e\u00a0u svoje u\u010dionice, a u\u010denici predmetne nastave\u00a0raspore\u0111eni su prema sljede\u0107em rasporedu u\u010dionica: 5.a\u00a0\u2013 u\u010d. 26,\u00a05.b\u00a0\u2013 u\u010d. 12,\u00a05.c\u00a0\u2013 u\u010d. 15; 6.a\u00a0\u2013 u\u010d. 36,\u00a06.b\u00a0\u2013 u\u010d. 24,\u00a06.c\u00a0\u2013 [&hellip;]<\/p>\n","protected":false},"author":2840,"featured_media":0,"comment_status":"closed","ping_status":"closed","sticky":false,"template":"","format":"standard","meta":{"_et_pb_use_builder":"on","_et_pb_old_content":"","_et_gb_content_width":"","footnotes":""},"categories":[48],"tags":[],"class_list":["post-302416","post","type-post","status-publish","format-standard","hentry","category-naslovnica"],"_links":{"self":[{"href":"https:\/\/os-sradic-im.skole.hr\/index.php?rest_route=\/wp\/v2\/posts\/302416","targetHints":{"allow":["GET"]}}],"collection":[{"href":"https:\/\/os-sradic-im.skole.hr\/index.php?rest_route=\/wp\/v2\/posts"}],"about":[{"href":"https:\/\/os-sradic-im.skole.hr\/index.php?rest_route=\/wp\/v2\/types\/post"}],"author":[{"embeddable":true,"href":"https:\/\/os-sradic-im.skole.hr\/index.php?rest_route=\/wp\/v2\/users\/2840"}],"replies":[{"embeddable":true,"href":"https:\/\/os-sradic-im.skole.hr\/index.php?rest_route=%2Fwp%2Fv2%2Fcomments&post=302416"}],"version-history":[{"count":2,"href":"https:\/\/os-sradic-im.skole.hr\/index.php?rest_route=\/wp\/v2\/posts\/302416\/revisions"}],"predecessor-version":[{"id":302425,"href":"https:\/\/os-sradic-im.skole.hr\/index.php?rest_route=\/wp\/v2\/posts\/302416\/revisions\/302425"}],"wp:attachment":[{"href":"https:\/\/os-sradic-im.skole.hr\/index.php?rest_route=%2Fwp%2Fv2%2Fmedia&parent=302416"}],"wp:term":[{"taxonomy":"category","embeddable":true,"href":"https:\/\/os-sradic-im.skole.hr\/index.php?rest_route=%2Fwp%2Fv2%2Fcategories&post=302416"},{"taxonomy":"post_tag","embeddable":true,"href":"https:\/\/os-sradic-im.skole.hr\/index.php?rest_route=%2Fwp%2Fv2%2Ftags&post=302416"}],"curies":[{"name":"wp","href":"https:\/\/api.w.org\/{rel}","templated":true}]}}