{"id":301707,"date":"2026-04-27T12:26:37","date_gmt":"2026-04-27T10:26:37","guid":{"rendered":"https:\/\/os-sradic-im.skole.hr\/?p=301707"},"modified":"2026-04-27T12:26:37","modified_gmt":"2026-04-27T10:26:37","slug":"klokan-bez-granica-2","status":"publish","type":"post","link":"https:\/\/os-sradic-im.skole.hr\/?p=301707","title":{"rendered":"Klokan bez granica"},"content":{"rendered":"<p>[et_pb_section fb_built=&#8221;1&#8243; theme_builder_area=&#8221;post_content&#8221; _builder_version=&#8221;4.27.6&#8243; _module_preset=&#8221;default&#8221;][et_pb_row _builder_version=&#8221;4.27.6&#8243; _module_preset=&#8221;default&#8221; theme_builder_area=&#8221;post_content&#8221;][et_pb_column _builder_version=&#8221;4.27.6&#8243; _module_preset=&#8221;default&#8221; type=&#8221;4_4&#8243; theme_builder_area=&#8221;post_content&#8221;][et_pb_accordion _builder_version=&#8221;4.27.6&#8243; _module_preset=&#8221;default&#8221; theme_builder_area=&#8221;post_content&#8221; hover_enabled=&#8221;0&#8243; sticky_enabled=&#8221;0&#8243;][et_pb_accordion_item _builder_version=&#8221;4.27.6&#8243; _module_preset=&#8221;default&#8221; theme_builder_area=&#8221;post_content&#8221; open=&#8221;on&#8221; hover_enabled=&#8221;0&#8243; sticky_enabled=&#8221;0&#8243;]<\/p>\n<p align=\"justify\" style=\"text-align: left\">Me\u0111u 10 % najboljih na Me\u0111unarodnom matemati\u010dkom natjecanju<span>\u00a0<\/span><b>\u201eKlokan bez granica\u201c plasirali su se i na\u0161i u\u010denici Jozo Bakovi\u0107 i Emanuel \u017du\u017eul iz 4.a razreda. <\/b>U\u010denike je pripremala u\u010diteljica Jona Glibota.<\/p>\n<p align=\"justify\" style=\"text-align: left\">Rije\u010d je o\u00a0 natjecanju koje se odr\u017eava u vi\u0161e od 110 dr\u017eava svijeta, a ve\u0107 28. godinu odr\u017eava se i u Republici Hrvatskoj. Cilj ovog natjecanja je popularizirati matematiku, razvijati interes za matematiku i prirodne znanosti te logi\u010dko i kombinatori\u010dko mi\u0161ljenje. Namjera je motivirati u\u010denike da se bave matematikom izvan redovitih \u0161kolskih programa.<\/p>\n<p>[\/et_pb_accordion_item][\/et_pb_accordion][\/et_pb_column][\/et_pb_row][\/et_pb_section]<\/p>\n","protected":false},"excerpt":{"rendered":"<p>Me\u0111u 10 % najboljih na Me\u0111unarodnom matemati\u010dkom natjecanju\u00a0\u201eKlokan bez granica\u201c plasirali su se i na\u0161i u\u010denici Jozo Bakovi\u0107 i Emanuel \u017du\u017eul iz 4.a razreda. U\u010denike je pripremala u\u010diteljica Jona Glibota. Rije\u010d je o\u00a0 natjecanju koje se odr\u017eava u vi\u0161e od 110 dr\u017eava svijeta, a ve\u0107 28. godinu odr\u017eava se i u Republici Hrvatskoj. Cilj ovog [&hellip;]<\/p>\n","protected":false},"author":2840,"featured_media":301713,"comment_status":"closed","ping_status":"closed","sticky":false,"template":"","format":"standard","meta":{"_et_pb_use_builder":"on","_et_pb_old_content":"","_et_gb_content_width":"","footnotes":""},"categories":[48],"tags":[],"class_list":["post-301707","post","type-post","status-publish","format-standard","has-post-thumbnail","hentry","category-naslovnica"],"_links":{"self":[{"href":"https:\/\/os-sradic-im.skole.hr\/index.php?rest_route=\/wp\/v2\/posts\/301707","targetHints":{"allow":["GET"]}}],"collection":[{"href":"https:\/\/os-sradic-im.skole.hr\/index.php?rest_route=\/wp\/v2\/posts"}],"about":[{"href":"https:\/\/os-sradic-im.skole.hr\/index.php?rest_route=\/wp\/v2\/types\/post"}],"author":[{"embeddable":true,"href":"https:\/\/os-sradic-im.skole.hr\/index.php?rest_route=\/wp\/v2\/users\/2840"}],"replies":[{"embeddable":true,"href":"https:\/\/os-sradic-im.skole.hr\/index.php?rest_route=%2Fwp%2Fv2%2Fcomments&post=301707"}],"version-history":[{"count":2,"href":"https:\/\/os-sradic-im.skole.hr\/index.php?rest_route=\/wp\/v2\/posts\/301707\/revisions"}],"predecessor-version":[{"id":301722,"href":"https:\/\/os-sradic-im.skole.hr\/index.php?rest_route=\/wp\/v2\/posts\/301707\/revisions\/301722"}],"wp:featuredmedia":[{"embeddable":true,"href":"https:\/\/os-sradic-im.skole.hr\/index.php?rest_route=\/wp\/v2\/media\/301713"}],"wp:attachment":[{"href":"https:\/\/os-sradic-im.skole.hr\/index.php?rest_route=%2Fwp%2Fv2%2Fmedia&parent=301707"}],"wp:term":[{"taxonomy":"category","embeddable":true,"href":"https:\/\/os-sradic-im.skole.hr\/index.php?rest_route=%2Fwp%2Fv2%2Fcategories&post=301707"},{"taxonomy":"post_tag","embeddable":true,"href":"https:\/\/os-sradic-im.skole.hr\/index.php?rest_route=%2Fwp%2Fv2%2Ftags&post=301707"}],"curies":[{"name":"wp","href":"https:\/\/api.w.org\/{rel}","templated":true}]}}