{"id":301677,"date":"2026-04-27T12:12:27","date_gmt":"2026-04-27T10:12:27","guid":{"rendered":"https:\/\/os-sradic-im.skole.hr\/?p=301677"},"modified":"2026-04-27T12:12:46","modified_gmt":"2026-04-27T10:12:46","slug":"jednodnevni-izlet-ucenika-4-razreda","status":"publish","type":"post","link":"https:\/\/os-sradic-im.skole.hr\/?p=301677","title":{"rendered":"Jednodnevni izlet u\u010denika 4. razreda"},"content":{"rendered":"<p>[et_pb_section fb_built=&#8221;1&#8243; theme_builder_area=&#8221;post_content&#8221; _builder_version=&#8221;4.27.6&#8243; _module_preset=&#8221;default&#8221;][et_pb_row _builder_version=&#8221;4.27.6&#8243; _module_preset=&#8221;default&#8221; theme_builder_area=&#8221;post_content&#8221;][et_pb_column _builder_version=&#8221;4.27.6&#8243; _module_preset=&#8221;default&#8221; type=&#8221;4_4&#8243; theme_builder_area=&#8221;post_content&#8221;][et_pb_accordion _builder_version=&#8221;4.27.6&#8243; _module_preset=&#8221;default&#8221; theme_builder_area=&#8221;post_content&#8221; hover_enabled=&#8221;0&#8243; sticky_enabled=&#8221;0&#8243;][et_pb_accordion_item _builder_version=&#8221;4.27.6&#8243; _module_preset=&#8221;default&#8221; theme_builder_area=&#8221;post_content&#8221; open=&#8221;on&#8221; hover_enabled=&#8221;0&#8243; sticky_enabled=&#8221;0&#8243;]<\/p>\n<p>U petak, 17.4. 2026.g. u 7 sati u\u010denici \u010detvrtih razreda na\u0161e \u0161kole u pratnji svojih u\u010diteljica krenuli su u posjet najstarijem kraljevskom gradu Ninu i Donatovom gradu Zadru.<\/p>\n<p>Vidno raspolo\u017eeni i uzbu\u0111eni voze\u0107i se autobusom ka svome dana\u0161njem cilju pjevali su, slu\u0161ali glazbu i razgovarali. Putem im se predstavio i upoznao ih \u00a0njihov vodi\u010d Marin.<\/p>\n<p>Najprije su se zaustavili na odmori\u0161tu Krka gdje su se kratko osvje\u017eili te fotografirali na vidikovcu s pogledom na \u0161armantni grad Skradin i saznali neke zanimljivosti o njemu i rijeci Krki.<\/p>\n<p><img decoding=\"async\" src=\"https:\/\/os-sradic-im.skole.hr\/wp-content\/uploads\/sites\/1345\/2026\/04\/Collage_20260425_214425-819x1024.jpg\" width=\"819\" height=\"1024\" alt=\"\" class=\"wp-image-301695 aligncenter size-large\" srcset=\"https:\/\/os-sradic-im.skole.hr\/wp-content\/uploads\/sites\/1345\/2026\/04\/Collage_20260425_214425-819x1024.jpg 819w, https:\/\/os-sradic-im.skole.hr\/wp-content\/uploads\/sites\/1345\/2026\/04\/Collage_20260425_214425-480x600.jpg 480w\" sizes=\"(min-width: 0px) and (max-width: 480px) 480px, (min-width: 481px) 819px, 100vw\" \/><\/p>\n<p>Nastavili su svoje putovanje prema najstarijem kraljevskom gradu Ninu. Po dolasku u grad panoramski su razgledali Ninske solane, a zatim pro\u0161etali do kipa kneza Branimira i s pozorno\u0161\u0107u poslu\u0161ali pri\u010de vodi\u010da o ,,knezu Hrvata\u201c.<\/p>\n<p>Uslijedio je razgled stare jezgre grada, crkve sv. Kri\u017ea, kipa Grgura Ninskog te posjet Arheolo\u0161kom muzeju \u2013 Muzeju ninskih starina.<\/p>\n<p><img decoding=\"async\" src=\"https:\/\/os-sradic-im.skole.hr\/wp-content\/uploads\/sites\/1345\/2026\/04\/Collage_20260425_214535-1024x768.jpg\" width=\"1024\" height=\"768\" alt=\"\" class=\"wp-image-301689 aligncenter size-large\" srcset=\"https:\/\/os-sradic-im.skole.hr\/wp-content\/uploads\/sites\/1345\/2026\/04\/Collage_20260425_214535-980x735.jpg 980w, https:\/\/os-sradic-im.skole.hr\/wp-content\/uploads\/sites\/1345\/2026\/04\/Collage_20260425_214535-480x360.jpg 480w\" sizes=\"(min-width: 0px) and (max-width: 480px) 480px, (min-width: 481px) and (max-width: 980px) 980px, (min-width: 981px) 1024px, 100vw\" \/><\/p>\n<p>Tamo su razgledali starine, a najvi\u0161e ih se dojmio starohrvatski brod Condora Croatica.<\/p>\n<p>Nakon obilaska Nina uslijedila je vo\u017enja prema Donatovom gradu. Posjetili su \u00a0Muzej zlata i srebra uz stru\u010dno vodstvo, a zatim krenuli na zaslu\u017eeni ru\u010dak u obli\u017enji restoran. Ru\u010dali su i osvje\u017eili se, a osoblje restorana naglasilo je kako su u\u010denici kulturni i pristojni.<\/p>\n<p>Odmorni i siti nastavili su \u0161etnju prema Muzeju anti\u010dkog stakla jedinstvenu kulturnu instituciju u svijetu. Tamo su razgledali svih osam tematskih cjelina od preko 1500 predmeta cjelovite staklene gra\u0111e te pogledali video puhanja staklene posude.<\/p>\n<p><img decoding=\"async\" src=\"https:\/\/os-sradic-im.skole.hr\/wp-content\/uploads\/sites\/1345\/2026\/04\/Collage_20260425_214648-1024x768.jpg\" width=\"1024\" height=\"768\" alt=\"\" class=\"wp-image-301701 aligncenter size-large\" srcset=\"https:\/\/os-sradic-im.skole.hr\/wp-content\/uploads\/sites\/1345\/2026\/04\/Collage_20260425_214648-980x735.jpg 980w, https:\/\/os-sradic-im.skole.hr\/wp-content\/uploads\/sites\/1345\/2026\/04\/Collage_20260425_214648-480x360.jpg 480w\" sizes=\"(min-width: 0px) and (max-width: 480px) 480px, (min-width: 481px) and (max-width: 980px) 980px, (min-width: 981px) 1024px, 100vw\" \/><\/p>\n<p>\u0160etaju\u0107i od Muzeja anti\u010dkog stakla razgledali su: bastione, crkvu sv.Donata, crkvu i zvonik sv. Marije, Kopnena vrata, Kalelargu, Rimski forum, crkvu sv. Kr\u0161evana, Trg Pet bunara, Katedralu sv. Sto\u0161ije do\u0161av\u0161i tako do povijesnih spomenika Morskih orgulja i Pozdrava Suncu. U\u017eivali su sjede\u0107i i slu\u0161aju\u0107i zvuke orgulja i gledaju\u0107i visoke valove koji zapljuskuju obalu.<\/p>\n<p>Zbog pristojnog pona\u0161anja dobili su slobodno vrijeme za sladoled i jo\u0161 jednu kratku \u0161etnju. Povratak doma protekao je u veselju, prepri\u010davanju nau\u010denih zanimljivosti te u pjevanju pjesama.<\/p>\n<p>U\u010diteljica Anita Meter<\/p>\n<p><img decoding=\"async\" src=\"https:\/\/os-sradic-im.skole.hr\/wp-content\/uploads\/sites\/1345\/2026\/04\/Collage_20260425_214617-1-819x1024.jpg\" width=\"819\" height=\"1024\" alt=\"\" class=\"wp-image-301692 aligncenter size-large\" srcset=\"https:\/\/os-sradic-im.skole.hr\/wp-content\/uploads\/sites\/1345\/2026\/04\/Collage_20260425_214617-1-819x1024.jpg 819w, https:\/\/os-sradic-im.skole.hr\/wp-content\/uploads\/sites\/1345\/2026\/04\/Collage_20260425_214617-1-480x600.jpg 480w\" sizes=\"(min-width: 0px) and (max-width: 480px) 480px, (min-width: 481px) 819px, 100vw\" \/><\/p>\n<p>[\/et_pb_accordion_item][\/et_pb_accordion][\/et_pb_column][\/et_pb_row][\/et_pb_section]<\/p>\n","protected":false},"excerpt":{"rendered":"<p>U petak, 17.4. 2026.g. u 7 sati u\u010denici \u010detvrtih razreda na\u0161e \u0161kole u pratnji svojih u\u010diteljica krenuli su u posjet najstarijem kraljevskom gradu Ninu i Donatovom gradu Zadru. Vidno raspolo\u017eeni i uzbu\u0111eni voze\u0107i se autobusom ka svome dana\u0161njem cilju pjevali su, slu\u0161ali glazbu i razgovarali. Putem im se predstavio i upoznao ih \u00a0njihov vodi\u010d Marin. [&hellip;]<\/p>\n","protected":false},"author":2840,"featured_media":301680,"comment_status":"closed","ping_status":"closed","sticky":false,"template":"","format":"standard","meta":{"_et_pb_use_builder":"on","_et_pb_old_content":"","_et_gb_content_width":"","footnotes":""},"categories":[48],"tags":[],"class_list":["post-301677","post","type-post","status-publish","format-standard","has-post-thumbnail","hentry","category-naslovnica"],"_links":{"self":[{"href":"https:\/\/os-sradic-im.skole.hr\/index.php?rest_route=\/wp\/v2\/posts\/301677","targetHints":{"allow":["GET"]}}],"collection":[{"href":"https:\/\/os-sradic-im.skole.hr\/index.php?rest_route=\/wp\/v2\/posts"}],"about":[{"href":"https:\/\/os-sradic-im.skole.hr\/index.php?rest_route=\/wp\/v2\/types\/post"}],"author":[{"embeddable":true,"href":"https:\/\/os-sradic-im.skole.hr\/index.php?rest_route=\/wp\/v2\/users\/2840"}],"replies":[{"embeddable":true,"href":"https:\/\/os-sradic-im.skole.hr\/index.php?rest_route=%2Fwp%2Fv2%2Fcomments&post=301677"}],"version-history":[{"count":2,"href":"https:\/\/os-sradic-im.skole.hr\/index.php?rest_route=\/wp\/v2\/posts\/301677\/revisions"}],"predecessor-version":[{"id":301704,"href":"https:\/\/os-sradic-im.skole.hr\/index.php?rest_route=\/wp\/v2\/posts\/301677\/revisions\/301704"}],"wp:featuredmedia":[{"embeddable":true,"href":"https:\/\/os-sradic-im.skole.hr\/index.php?rest_route=\/wp\/v2\/media\/301680"}],"wp:attachment":[{"href":"https:\/\/os-sradic-im.skole.hr\/index.php?rest_route=%2Fwp%2Fv2%2Fmedia&parent=301677"}],"wp:term":[{"taxonomy":"category","embeddable":true,"href":"https:\/\/os-sradic-im.skole.hr\/index.php?rest_route=%2Fwp%2Fv2%2Fcategories&post=301677"},{"taxonomy":"post_tag","embeddable":true,"href":"https:\/\/os-sradic-im.skole.hr\/index.php?rest_route=%2Fwp%2Fv2%2Ftags&post=301677"}],"curies":[{"name":"wp","href":"https:\/\/api.w.org\/{rel}","templated":true}]}}