{"id":301644,"date":"2026-04-27T09:38:21","date_gmt":"2026-04-27T07:38:21","guid":{"rendered":"https:\/\/os-sradic-im.skole.hr\/?p=301644"},"modified":"2026-04-27T09:39:38","modified_gmt":"2026-04-27T07:39:38","slug":"izvanucionicka-nastava-1-razreda","status":"publish","type":"post","link":"https:\/\/os-sradic-im.skole.hr\/?p=301644","title":{"rendered":"Izvanu\u010dioni\u010dka nastava 1. razreda"},"content":{"rendered":"<p>[et_pb_section fb_built=&#8221;1&#8243; _builder_version=&#8221;4.27.6&#8243; _module_preset=&#8221;default&#8221; global_colors_info=&#8221;{}&#8221; theme_builder_area=&#8221;post_content&#8221;][et_pb_row _builder_version=&#8221;4.27.6&#8243; _module_preset=&#8221;default&#8221; global_colors_info=&#8221;{}&#8221; theme_builder_area=&#8221;post_content&#8221;][et_pb_column type=&#8221;4_4&#8243; _builder_version=&#8221;4.27.6&#8243; _module_preset=&#8221;default&#8221; global_colors_info=&#8221;{}&#8221; theme_builder_area=&#8221;post_content&#8221;][et_pb_accordion _builder_version=&#8221;4.27.6&#8243; _module_preset=&#8221;default&#8221; hover_enabled=&#8221;0&#8243; global_colors_info=&#8221;{}&#8221; theme_builder_area=&#8221;post_content&#8221; sticky_enabled=&#8221;0&#8243;][et_pb_accordion_item open=&#8221;on&#8221; _builder_version=&#8221;4.27.6&#8243; _module_preset=&#8221;default&#8221; hover_enabled=&#8221;0&#8243; global_colors_info=&#8221;{}&#8221; theme_builder_area=&#8221;post_content&#8221; sticky_enabled=&#8221;0&#8243;]<\/p>\n<p><span>U ponedjeljak 20.4.2026. u\u010denici 1.a i 1.b razreda u pratnji svojih u\u010diteljica i\u0161li su na izvanu\u010dioni\u010dku nastavu u Sinj i okolicu.<\/span><\/p>\n<div dir=\"auto\">Uzbu\u0111eni, nestrpljivi i znati\u017eeljni u pratnji roditelja nestrpljivo su \u010dekali polazak autobusa. Po prvi put zajedno idu na izlet. Autobus je krenuo s kolodvora, a ljubazna vodi\u010dka Matea nas je pozdravila i upoznala s planom puta. Vrijeme u vo\u017enji brzo prolazi i ve\u0107 smo stigli u grad Sinj.<\/div>\n<div dir=\"auto\">Laganom \u0161etnjom uputili smo se u Muzej Cetinske krajine gdje su nas ljubazni doma\u0107ini proveli i ispri\u010dali zanimljivosti iz pro\u0161losti. Djeca su pa\u017eljivo slu\u0161ala zanimljivo izlaganje i razgledali eksponate. Nakon kratkog predaha i marende krenuli smo u Muzej Sinjske alke gdje smo najprije gledali dokumentarni film o borbi za Sinj, a onda smo u pratnji vodi\u010da razgledali eksponate.<\/div>\n<div dir=\"auto\">Najvi\u0161e su se odu\u0161evili konjima u prirodnoj veli\u010dini, alkarima i oru\u017eju. \u0160etnju smo nastavili do Bazilike Gospe Sinjske gdje smo se pomolili i razgledali unutra\u0161njost. Pomalo umorni, ali veseli krenuli smo na Ran\u010d Mustang gdje su nas \u010dekali ljubazni doma\u0107ini i ru\u010dak. Nakon ukusnog ru\u010dka, u\u010denici su se igrali, jahali konje uz stru\u010dnu pratnju i vrijeme je proletjelo. Na povratku smo posjetili stare mlinice koje pokre\u0107e snaga vode. Vrijedni mlinar nam je pokazao kako se dobiva bra\u0161no.<\/div>\n<div dir=\"auto\">U\u010denici su bili odu\u0161evljeni. Bra\u0161njavi i veseli krenuli smo put Imotskog gdje su nas nestrpljivo \u010dekali roditelji. Umorni i sretni zavr\u0161ili smo svoje zajedni\u010dko istra\u017eivanje.<\/div>\n<div dir=\"auto\"><\/div>\n<div dir=\"auto\">U\u010diteljica Dragica \u010celan<\/div>\n<div dir=\"auto\"><\/div>\n<div dir=\"auto\"><img decoding=\"async\" src=\"https:\/\/os-sradic-im.skole.hr\/wp-content\/uploads\/sites\/1345\/2026\/04\/20260425_194719-576x1024.jpg\" width=\"576\" height=\"1024\" alt=\"\" class=\"wp-image-301647 aligncenter size-large\" srcset=\"https:\/\/os-sradic-im.skole.hr\/wp-content\/uploads\/sites\/1345\/2026\/04\/20260425_194719-576x1024.jpg 576w, https:\/\/os-sradic-im.skole.hr\/wp-content\/uploads\/sites\/1345\/2026\/04\/20260425_194719-480x853.jpg 480w\" sizes=\"(min-width: 0px) and (max-width: 480px) 480px, (min-width: 481px) 576px, 100vw\" \/><\/div>\n<div dir=\"auto\"><img decoding=\"async\" src=\"https:\/\/os-sradic-im.skole.hr\/wp-content\/uploads\/sites\/1345\/2026\/04\/20260425_193712-1-576x1024.jpg\" width=\"576\" height=\"1024\" alt=\"\" class=\"wp-image-301659 aligncenter size-large\" srcset=\"https:\/\/os-sradic-im.skole.hr\/wp-content\/uploads\/sites\/1345\/2026\/04\/20260425_193712-1-576x1024.jpg 576w, https:\/\/os-sradic-im.skole.hr\/wp-content\/uploads\/sites\/1345\/2026\/04\/20260425_193712-1-480x853.jpg 480w\" sizes=\"(min-width: 0px) and (max-width: 480px) 480px, (min-width: 481px) 576px, 100vw\" \/><\/div>\n<div dir=\"auto\"><img decoding=\"async\" src=\"https:\/\/os-sradic-im.skole.hr\/wp-content\/uploads\/sites\/1345\/2026\/04\/20260425_194339-1-576x1024.jpg\" width=\"576\" height=\"1024\" alt=\"\" class=\"wp-image-301662 aligncenter size-large\" srcset=\"https:\/\/os-sradic-im.skole.hr\/wp-content\/uploads\/sites\/1345\/2026\/04\/20260425_194339-1-576x1024.jpg 576w, https:\/\/os-sradic-im.skole.hr\/wp-content\/uploads\/sites\/1345\/2026\/04\/20260425_194339-1-480x853.jpg 480w\" sizes=\"(min-width: 0px) and (max-width: 480px) 480px, (min-width: 481px) 576px, 100vw\" \/><\/div>\n<div dir=\"auto\"><img decoding=\"async\" src=\"https:\/\/os-sradic-im.skole.hr\/wp-content\/uploads\/sites\/1345\/2026\/04\/20260425_194609-1-576x1024.jpg\" width=\"576\" height=\"1024\" alt=\"\" class=\"wp-image-301665 aligncenter size-large\" srcset=\"https:\/\/os-sradic-im.skole.hr\/wp-content\/uploads\/sites\/1345\/2026\/04\/20260425_194609-1-576x1024.jpg 576w, https:\/\/os-sradic-im.skole.hr\/wp-content\/uploads\/sites\/1345\/2026\/04\/20260425_194609-1-480x853.jpg 480w\" sizes=\"(min-width: 0px) and (max-width: 480px) 480px, (min-width: 481px) 576px, 100vw\" \/><\/div>\n<p>[\/et_pb_accordion_item][\/et_pb_accordion][\/et_pb_column][\/et_pb_row][\/et_pb_section]<\/p>\n","protected":false},"excerpt":{"rendered":"<p>U ponedjeljak 20.4.2026. u\u010denici 1.a i 1.b razreda u pratnji svojih u\u010diteljica i\u0161li su na izvanu\u010dioni\u010dku nastavu u Sinj i okolicu. Uzbu\u0111eni, nestrpljivi i znati\u017eeljni u pratnji roditelja nestrpljivo su \u010dekali polazak autobusa. Po prvi put zajedno idu na izlet. Autobus je krenuo s kolodvora, a ljubazna vodi\u010dka Matea nas je pozdravila i upoznala s [&hellip;]<\/p>\n","protected":false},"author":2840,"featured_media":301650,"comment_status":"closed","ping_status":"closed","sticky":false,"template":"","format":"standard","meta":{"_et_pb_use_builder":"on","_et_pb_old_content":"","_et_gb_content_width":"","footnotes":""},"categories":[48],"tags":[],"class_list":["post-301644","post","type-post","status-publish","format-standard","has-post-thumbnail","hentry","category-naslovnica"],"_links":{"self":[{"href":"https:\/\/os-sradic-im.skole.hr\/index.php?rest_route=\/wp\/v2\/posts\/301644","targetHints":{"allow":["GET"]}}],"collection":[{"href":"https:\/\/os-sradic-im.skole.hr\/index.php?rest_route=\/wp\/v2\/posts"}],"about":[{"href":"https:\/\/os-sradic-im.skole.hr\/index.php?rest_route=\/wp\/v2\/types\/post"}],"author":[{"embeddable":true,"href":"https:\/\/os-sradic-im.skole.hr\/index.php?rest_route=\/wp\/v2\/users\/2840"}],"replies":[{"embeddable":true,"href":"https:\/\/os-sradic-im.skole.hr\/index.php?rest_route=%2Fwp%2Fv2%2Fcomments&post=301644"}],"version-history":[{"count":4,"href":"https:\/\/os-sradic-im.skole.hr\/index.php?rest_route=\/wp\/v2\/posts\/301644\/revisions"}],"predecessor-version":[{"id":301674,"href":"https:\/\/os-sradic-im.skole.hr\/index.php?rest_route=\/wp\/v2\/posts\/301644\/revisions\/301674"}],"wp:featuredmedia":[{"embeddable":true,"href":"https:\/\/os-sradic-im.skole.hr\/index.php?rest_route=\/wp\/v2\/media\/301650"}],"wp:attachment":[{"href":"https:\/\/os-sradic-im.skole.hr\/index.php?rest_route=%2Fwp%2Fv2%2Fmedia&parent=301644"}],"wp:term":[{"taxonomy":"category","embeddable":true,"href":"https:\/\/os-sradic-im.skole.hr\/index.php?rest_route=%2Fwp%2Fv2%2Fcategories&post=301644"},{"taxonomy":"post_tag","embeddable":true,"href":"https:\/\/os-sradic-im.skole.hr\/index.php?rest_route=%2Fwp%2Fv2%2Ftags&post=301644"}],"curies":[{"name":"wp","href":"https:\/\/api.w.org\/{rel}","templated":true}]}}