{"id":301296,"date":"2026-03-17T10:47:21","date_gmt":"2026-03-17T09:47:21","guid":{"rendered":"https:\/\/os-sradic-im.skole.hr\/?p=301296"},"modified":"2026-03-17T11:10:08","modified_gmt":"2026-03-17T10:10:08","slug":"zupanija-donirala-vrijedna-racunala-nasoj-skoli","status":"publish","type":"post","link":"https:\/\/os-sradic-im.skole.hr\/?p=301296","title":{"rendered":"\u017dupanija donirala vrijedna ra\u010dunala na\u0161oj \u0161koli"},"content":{"rendered":"<p>[et_pb_section fb_built=&#8221;1&#8243; _builder_version=&#8221;4.25.0&#8243; _module_preset=&#8221;default&#8221; global_colors_info=&#8221;{}&#8221; theme_builder_area=&#8221;post_content&#8221;][et_pb_row _builder_version=&#8221;4.25.0&#8243; _module_preset=&#8221;default&#8221; global_colors_info=&#8221;{}&#8221; theme_builder_area=&#8221;post_content&#8221;][et_pb_column type=&#8221;4_4&#8243; _builder_version=&#8221;4.25.0&#8243; _module_preset=&#8221;default&#8221; global_colors_info=&#8221;{}&#8221; theme_builder_area=&#8221;post_content&#8221;][et_pb_accordion _builder_version=&#8221;4.25.0&#8243; _module_preset=&#8221;default&#8221; hover_enabled=&#8221;0&#8243; global_colors_info=&#8221;{}&#8221; theme_builder_area=&#8221;post_content&#8221; sticky_enabled=&#8221;0&#8243;][et_pb_accordion_item open=&#8221;on&#8221; _builder_version=&#8221;4.25.0&#8243; _module_preset=&#8221;default&#8221; hover_enabled=&#8221;0&#8243; global_colors_info=&#8221;{}&#8221; theme_builder_area=&#8221;post_content&#8221; sticky_enabled=&#8221;0&#8243;]<\/p>\n<p>Splitsko-dalmatinska \u017eupanija nastavlja ulagati u razvoj digitalnih vje\u0161tina u\u010denika kroz projekt Digitalna Dalmacija. U sklopu tog programa danas je Osnovnoj \u0161koli Stjepana Radi\u0107a u Imotskom uru\u010deno 15 novih ra\u010dunala za informati\u010dku u\u010dionicu, ukupne vrijednosti vi\u0161e od 15.000 eura.<\/p>\n<p>Nova ra\u010dunalna oprema omogu\u0107it \u0107e kvalitetnije provo\u0111enje nastave informatike te edukacija iz programiranja, izrade web stranica i upoznavanja s novim tehnologijama. Donacija je dio programa EDIT CodeSchool, najve\u0107e besplatne \u0161kole primijenjenog programiranja za osnovno\u0161kolce i srednjo\u0161kolce u Hrvatskoj.<\/p>\n<p><img decoding=\"async\" src=\"https:\/\/os-sradic-im.skole.hr\/wp-content\/uploads\/sites\/1345\/2026\/03\/d1948187-626a-4974-9993-ce8328513d9f-1024x768.jpeg\" width=\"1024\" height=\"768\" alt=\"\" class=\"wp-image-301347 aligncenter size-large\" srcset=\"https:\/\/os-sradic-im.skole.hr\/wp-content\/uploads\/sites\/1345\/2026\/03\/d1948187-626a-4974-9993-ce8328513d9f-980x735.jpeg 980w, https:\/\/os-sradic-im.skole.hr\/wp-content\/uploads\/sites\/1345\/2026\/03\/d1948187-626a-4974-9993-ce8328513d9f-480x360.jpeg 480w\" sizes=\"(min-width: 0px) and (max-width: 480px) 480px, (min-width: 481px) and (max-width: 980px) 980px, (min-width: 981px) 1024px, 100vw\" \/><\/p>\n<p>Ovo je sedma donacija ra\u010dunalne opreme \u0161kolama u Splitsko-dalmatinskoj \u017eupaniji koje provode program EDIT CodeSchool, a do sada je na taj na\u010din opremljeno \u0161est \u0161kola u ukupnoj vrijednosti gotovo 100.000 eura.<\/p>\n<p>\u017dupan<span>\u00a0<\/span><strong>Bla\u017eenko Boban<\/strong><span>\u00a0<\/span>tom je prilikom istaknuo va\u017enost ulaganja u digitalno obrazovanje u\u010denika diljem \u017eupanije.<\/p>\n<p>\u201ePrije svega \u017eelim pohvaliti nastavni\u010dko osoblje ove osnovne \u0161kole, ali i djecu iz Imotskog. Kroz na\u0161 projekt EDIT CodeSchool pokazalo se da u ovom dijelu Splitsko-dalmatinske \u017eupanije imamo iznimno nadarene i vrijedne u\u010denike koji pokazuju veliki interes za napredne digitalne vje\u0161tine.<br \/>Danas im uru\u010dujemo 15 ra\u010dunala kako bi se formirao informati\u010dki kabinet i dodatno unaprijedili uvjeti za rad i u\u010denje. Cilj nam je ravnomjeran razvoj, ali i to da mladi ljudi ne moraju odlaziti u velike urbane centre kako bi stekli digitalna znanja, nego da kvalitetnu edukaciju i potrebnu opremu imaju upravo u svom gradu\u201c, rekao je \u017eupan Boban.<\/p>\n<p><img decoding=\"async\" src=\"https:\/\/os-sradic-im.skole.hr\/wp-content\/uploads\/sites\/1345\/2026\/03\/4226877a-98ec-41b7-af6e-add0ce1ed900-1024x768.jpeg\" width=\"1024\" height=\"768\" alt=\"\" class=\"wp-image-301332 aligncenter size-large\" srcset=\"https:\/\/os-sradic-im.skole.hr\/wp-content\/uploads\/sites\/1345\/2026\/03\/4226877a-98ec-41b7-af6e-add0ce1ed900-980x735.jpeg 980w, https:\/\/os-sradic-im.skole.hr\/wp-content\/uploads\/sites\/1345\/2026\/03\/4226877a-98ec-41b7-af6e-add0ce1ed900-480x360.jpeg 480w\" sizes=\"(min-width: 0px) and (max-width: 480px) 480px, (min-width: 481px) and (max-width: 980px) 980px, (min-width: 981px) 1024px, 100vw\" \/><\/p>\n<p>Dodao je kako je kroz program EDIT CodeSchool do sada vi\u0161e od 3.500 u\u010denika u Splitsko-dalmatinskoj \u017eupaniji pro\u0161lo edukacije iz programiranja i novih tehnologija, dok se svake godine programu priklju\u010duje oko 400 novih polaznika.<\/p>\n<p>Ravnatelj Osnovne \u0161kole Stjepana Radi\u0107a<span>\u00a0<\/span><strong>Marko Mende\u0161<\/strong><span>\u00a0<\/span>zahvalio je \u017dupaniji na donaciji i kontinuiranoj podr\u0161ci razvoju digitalnih kompetencija u\u010denika.<\/p>\n<p>\u201eOvih 15 ra\u010dunala nisu samo informati\u010dka oprema, nego ulaganje u znanje i budu\u0107nost na\u0161e djece. Redovito sudjelujemo u programima Digitalne Dalmacije, a posebno u programu EDIT kroz koji na\u0161i u\u010denici razvijaju napredne digitalne vje\u0161tine. Upravo zahvaljuju\u0107i ovakvoj podr\u0161ci uspijevamo ostvarivati vrlo dobre rezultate na informati\u010dkim natjecanjima u Republici Hrvatskoj\u201c, rekao je ravnatelj Mende\u0161.<\/p>\n<p>Gradona\u010delnik Imotskog<span>\u00a0<\/span><strong>Luka Kolovrat<\/strong><span>\u00a0<\/span>naglasio je kako je rije\u010d o projektu koji ima \u0161ire zna\u010denje za razvoj lokalne zajednice.<\/p>\n<p>\u201eOva donacija ra\u010dunala pokazuje koliko Splitsko-dalmatinska \u017eupanija kroz svoje programe prepoznaje va\u017enost ulaganja u znanje i digitalne vje\u0161tine. U Imotskom imamo izvrsne rezultate na\u0161ih mladih informati\u010dara i roboti\u010dara, a upravo ovakva ulaganja dodatno poti\u010du razvoj novih projekata i digitalnih sadr\u017eaja u na\u0161em gradu\u201c, istaknuo je gradona\u010delnik.<\/p>\n<p>Voditelj projekta Digitalna Dalmacija<span>\u00a0<\/span><strong>Damir Br\u010di\u0107<span>\u00a0<\/span><\/strong>naglasio je kako je cilj programa omogu\u0107iti djeci iz svih dijelova \u017eupanije pristup modernim informati\u010dkim znanjima te potaknuti razvoj njihovih ideja i projekata.<\/p>\n<p>U\u010ditelj informatike i robotike u Osnovnoj \u0161koli Stjepana Radi\u0107a<span>\u00a0<\/span><strong>Zoran Gabelica<\/strong><span>\u00a0<\/span>istaknuo je kako u\u010denici kroz EDIT programe rade na projektima izrade web stranica i aplikacija, ali i na projektima koji uklju\u010duju robotiku i osnove umjetne inteligencije, \u010dime se dodatno razvijaju njihove digitalne i tehni\u010dke vje\u0161tine.<\/p>\n<p><img decoding=\"async\" src=\"https:\/\/os-sradic-im.skole.hr\/wp-content\/uploads\/sites\/1345\/2026\/03\/8e1bcb68-a623-4663-a1f7-b43ba7430fc1-1024x768.jpeg\" width=\"1024\" height=\"768\" alt=\"\" class=\"wp-image-301341 aligncenter size-large\" srcset=\"https:\/\/os-sradic-im.skole.hr\/wp-content\/uploads\/sites\/1345\/2026\/03\/8e1bcb68-a623-4663-a1f7-b43ba7430fc1-980x735.jpeg 980w, https:\/\/os-sradic-im.skole.hr\/wp-content\/uploads\/sites\/1345\/2026\/03\/8e1bcb68-a623-4663-a1f7-b43ba7430fc1-480x360.jpeg 480w\" sizes=\"(min-width: 0px) and (max-width: 480px) 480px, (min-width: 481px) and (max-width: 980px) 980px, (min-width: 981px) 1024px, 100vw\" \/><\/p>\n<p>Program EDIT CodeSchool dio je \u0161ire edukacijske vertikale Digitalne Dalmacije koja obuhva\u0107a razvoj digitalnih kompetencija kroz sve generacije \u2013 od u\u010denika osnovnih i srednjih \u0161kola do programa poput e-Umirovljenika, koji starijim gra\u0111anima omogu\u0107uje stjecanje osnovnih digitalnih vje\u0161tina.<\/p>\n<p>Upravo se u Imotskom trenutno provodi drugi ciklus edukacije e-Umirovljenik, kroz koji je do sada vi\u0161e od 40 gra\u0111ana tre\u0107e \u017eivotne dobi steklo osnovna znanja o kori\u0161tenju digitalnih tehnologija i online usluga.<\/p>\n<p>Tekst i fotografije: <a href=\"https:\/\/www.dalmacija.hr\/aktualno\/novosti\/clanak\/zupan-boban-u-imotskom-urucio-15-novih-racunala-za-informaticku-ucionicu-os-stjepana-radica\">https:\/\/www.dalmacija.hr\/aktualno\/novosti\/clanak\/zupan-boban-u-imotskom-urucio-15-novih-racunala-za-informaticku-ucionicu-os-stjepana-radica<\/a><\/p>\n<p>&nbsp;<\/p>\n<p>[\/et_pb_accordion_item][\/et_pb_accordion][\/et_pb_column][\/et_pb_row][\/et_pb_section]<\/p>\n","protected":false},"excerpt":{"rendered":"<p>Splitsko-dalmatinska \u017eupanija nastavlja ulagati u razvoj digitalnih vje\u0161tina u\u010denika kroz projekt Digitalna Dalmacija. U sklopu tog programa danas je Osnovnoj \u0161koli Stjepana Radi\u0107a u Imotskom uru\u010deno 15 novih ra\u010dunala za informati\u010dku u\u010dionicu, ukupne vrijednosti vi\u0161e od 15.000 eura. Nova ra\u010dunalna oprema omogu\u0107it \u0107e kvalitetnije provo\u0111enje nastave informatike te edukacija iz programiranja, izrade web stranica i [&hellip;]<\/p>\n","protected":false},"author":2840,"featured_media":301332,"comment_status":"closed","ping_status":"closed","sticky":false,"template":"","format":"standard","meta":{"_et_pb_use_builder":"on","_et_pb_old_content":"","_et_gb_content_width":"","footnotes":""},"categories":[48],"tags":[],"class_list":["post-301296","post","type-post","status-publish","format-standard","has-post-thumbnail","hentry","category-naslovnica"],"_links":{"self":[{"href":"https:\/\/os-sradic-im.skole.hr\/index.php?rest_route=\/wp\/v2\/posts\/301296","targetHints":{"allow":["GET"]}}],"collection":[{"href":"https:\/\/os-sradic-im.skole.hr\/index.php?rest_route=\/wp\/v2\/posts"}],"about":[{"href":"https:\/\/os-sradic-im.skole.hr\/index.php?rest_route=\/wp\/v2\/types\/post"}],"author":[{"embeddable":true,"href":"https:\/\/os-sradic-im.skole.hr\/index.php?rest_route=\/wp\/v2\/users\/2840"}],"replies":[{"embeddable":true,"href":"https:\/\/os-sradic-im.skole.hr\/index.php?rest_route=%2Fwp%2Fv2%2Fcomments&post=301296"}],"version-history":[{"count":4,"href":"https:\/\/os-sradic-im.skole.hr\/index.php?rest_route=\/wp\/v2\/posts\/301296\/revisions"}],"predecessor-version":[{"id":301350,"href":"https:\/\/os-sradic-im.skole.hr\/index.php?rest_route=\/wp\/v2\/posts\/301296\/revisions\/301350"}],"wp:featuredmedia":[{"embeddable":true,"href":"https:\/\/os-sradic-im.skole.hr\/index.php?rest_route=\/wp\/v2\/media\/301332"}],"wp:attachment":[{"href":"https:\/\/os-sradic-im.skole.hr\/index.php?rest_route=%2Fwp%2Fv2%2Fmedia&parent=301296"}],"wp:term":[{"taxonomy":"category","embeddable":true,"href":"https:\/\/os-sradic-im.skole.hr\/index.php?rest_route=%2Fwp%2Fv2%2Fcategories&post=301296"},{"taxonomy":"post_tag","embeddable":true,"href":"https:\/\/os-sradic-im.skole.hr\/index.php?rest_route=%2Fwp%2Fv2%2Ftags&post=301296"}],"curies":[{"name":"wp","href":"https:\/\/api.w.org\/{rel}","templated":true}]}}