{"id":301266,"date":"2026-03-12T12:58:20","date_gmt":"2026-03-12T11:58:20","guid":{"rendered":"https:\/\/os-sradic-im.skole.hr\/?p=301266"},"modified":"2026-03-12T13:04:23","modified_gmt":"2026-03-12T12:04:23","slug":"zahvala-za-antin-13","status":"publish","type":"post","link":"https:\/\/os-sradic-im.skole.hr\/?p=301266","title":{"rendered":"Zahvala za Antin 13."},"content":{"rendered":"<p>[et_pb_section fb_built=&#8221;1&#8243; _builder_version=&#8221;4.25.0&#8243; _module_preset=&#8221;default&#8221; global_colors_info=&#8221;{}&#8221; theme_builder_area=&#8221;post_content&#8221;][et_pb_row _builder_version=&#8221;4.25.0&#8243; _module_preset=&#8221;default&#8221; global_colors_info=&#8221;{}&#8221; theme_builder_area=&#8221;post_content&#8221;][et_pb_column type=&#8221;4_4&#8243; _builder_version=&#8221;4.25.0&#8243; _module_preset=&#8221;default&#8221; global_colors_info=&#8221;{}&#8221; theme_builder_area=&#8221;post_content&#8221;][et_pb_accordion _builder_version=&#8221;4.25.0&#8243; _module_preset=&#8221;default&#8221; hover_enabled=&#8221;0&#8243; global_colors_info=&#8221;{}&#8221; theme_builder_area=&#8221;post_content&#8221; sticky_enabled=&#8221;0&#8243;][et_pb_accordion_item open=&#8221;on&#8221; _builder_version=&#8221;4.25.0&#8243; _module_preset=&#8221;default&#8221; hover_enabled=&#8221;0&#8243; global_colors_info=&#8221;{}&#8221; theme_builder_area=&#8221;post_content&#8221; sticky_enabled=&#8221;0&#8243;]<\/p>\n<p>Od srca se zahvaljujemo svim u\u010denicima, roditeljima i djelatnicima \u0161kole koji su svojim donacijama pripomogli da u ovo preduskrsno vrijeme osiguramo pakete pomo\u0107i za najpotrebnije sugra\u0111ane. Hvala i Malim volonterima u na\u0161oj \u0161koli i njihovoj u\u010diteljici Antoniji na organizaciji ove akcije i poticaju da \u010dinimo dobra djela!<\/p>\n<p><img decoding=\"async\" src=\"https:\/\/os-sradic-im.skole.hr\/wp-content\/uploads\/sites\/1345\/2026\/03\/GridArt_20260312_124952844-1024x1024.jpg\" width=\"1024\" height=\"1024\" alt=\"\" class=\"wp-image-301278 aligncenter size-large\" srcset=\"https:\/\/os-sradic-im.skole.hr\/wp-content\/uploads\/sites\/1345\/2026\/03\/GridArt_20260312_124952844-1024x1024.jpg 1024w, https:\/\/os-sradic-im.skole.hr\/wp-content\/uploads\/sites\/1345\/2026\/03\/GridArt_20260312_124952844-980x980.jpg 980w, https:\/\/os-sradic-im.skole.hr\/wp-content\/uploads\/sites\/1345\/2026\/03\/GridArt_20260312_124952844-480x480.jpg 480w\" sizes=\"(min-width: 0px) and (max-width: 480px) 480px, (min-width: 481px) and (max-width: 980px) 980px, (min-width: 981px) 1024px, 100vw\" \/><\/p>\n<p>[\/et_pb_accordion_item][\/et_pb_accordion][\/et_pb_column][\/et_pb_row][\/et_pb_section]<\/p>\n","protected":false},"excerpt":{"rendered":"<p>Od srca se zahvaljujemo svim u\u010denicima, roditeljima i djelatnicima \u0161kole koji su svojim donacijama pripomogli da u ovo preduskrsno vrijeme osiguramo pakete pomo\u0107i za najpotrebnije sugra\u0111ane. Hvala i Malim volonterima u na\u0161oj \u0161koli i njihovoj u\u010diteljici Antoniji na organizaciji ove akcije i poticaju da \u010dinimo dobra djela!<\/p>\n","protected":false},"author":2840,"featured_media":301269,"comment_status":"closed","ping_status":"closed","sticky":false,"template":"","format":"standard","meta":{"_et_pb_use_builder":"on","_et_pb_old_content":"","_et_gb_content_width":"","footnotes":""},"categories":[48],"tags":[],"class_list":["post-301266","post","type-post","status-publish","format-standard","has-post-thumbnail","hentry","category-naslovnica"],"_links":{"self":[{"href":"https:\/\/os-sradic-im.skole.hr\/index.php?rest_route=\/wp\/v2\/posts\/301266","targetHints":{"allow":["GET"]}}],"collection":[{"href":"https:\/\/os-sradic-im.skole.hr\/index.php?rest_route=\/wp\/v2\/posts"}],"about":[{"href":"https:\/\/os-sradic-im.skole.hr\/index.php?rest_route=\/wp\/v2\/types\/post"}],"author":[{"embeddable":true,"href":"https:\/\/os-sradic-im.skole.hr\/index.php?rest_route=\/wp\/v2\/users\/2840"}],"replies":[{"embeddable":true,"href":"https:\/\/os-sradic-im.skole.hr\/index.php?rest_route=%2Fwp%2Fv2%2Fcomments&post=301266"}],"version-history":[{"count":3,"href":"https:\/\/os-sradic-im.skole.hr\/index.php?rest_route=\/wp\/v2\/posts\/301266\/revisions"}],"predecessor-version":[{"id":301284,"href":"https:\/\/os-sradic-im.skole.hr\/index.php?rest_route=\/wp\/v2\/posts\/301266\/revisions\/301284"}],"wp:featuredmedia":[{"embeddable":true,"href":"https:\/\/os-sradic-im.skole.hr\/index.php?rest_route=\/wp\/v2\/media\/301269"}],"wp:attachment":[{"href":"https:\/\/os-sradic-im.skole.hr\/index.php?rest_route=%2Fwp%2Fv2%2Fmedia&parent=301266"}],"wp:term":[{"taxonomy":"category","embeddable":true,"href":"https:\/\/os-sradic-im.skole.hr\/index.php?rest_route=%2Fwp%2Fv2%2Fcategories&post=301266"},{"taxonomy":"post_tag","embeddable":true,"href":"https:\/\/os-sradic-im.skole.hr\/index.php?rest_route=%2Fwp%2Fv2%2Ftags&post=301266"}],"curies":[{"name":"wp","href":"https:\/\/api.w.org\/{rel}","templated":true}]}}