{"id":301251,"date":"2026-03-10T12:04:57","date_gmt":"2026-03-10T11:04:57","guid":{"rendered":"https:\/\/os-sradic-im.skole.hr\/?p=301251"},"modified":"2026-03-10T12:04:57","modified_gmt":"2026-03-10T11:04:57","slug":"sistematski-pregled-prije-upisa-u-1-razred","status":"publish","type":"post","link":"https:\/\/os-sradic-im.skole.hr\/?p=301251","title":{"rendered":"Sistematski pregled prije upisa u 1. razred"},"content":{"rendered":"<p>[et_pb_section fb_built=&#8221;1&#8243; theme_builder_area=&#8221;post_content&#8221; _builder_version=&#8221;4.25.0&#8243; _module_preset=&#8221;default&#8221;][et_pb_row _builder_version=&#8221;4.25.0&#8243; _module_preset=&#8221;default&#8221; theme_builder_area=&#8221;post_content&#8221;][et_pb_column _builder_version=&#8221;4.25.0&#8243; _module_preset=&#8221;default&#8221; type=&#8221;4_4&#8243; theme_builder_area=&#8221;post_content&#8221;][et_pb_accordion _builder_version=&#8221;4.25.0&#8243; _module_preset=&#8221;default&#8221; theme_builder_area=&#8221;post_content&#8221; hover_enabled=&#8221;0&#8243; sticky_enabled=&#8221;0&#8243;][et_pb_accordion_item _builder_version=&#8221;4.25.0&#8243; _module_preset=&#8221;default&#8221; theme_builder_area=&#8221;post_content&#8221; open=&#8221;on&#8221; hover_enabled=&#8221;0&#8243; sticky_enabled=&#8221;0&#8243;]<\/p>\n<div>Sistematski pregled djece prije\u00a0 upisa u prvi razred za O\u0160 &#8220;Stjepan Radi\u0107&#8221; odr\u017eat \u0107e se<span>\u00a0<\/span><b>11.5.,\u00a012.5., 14.5., 15.5., 18.5., 19.5. i 20.5.2026.<\/b>\u00a0godine u \u0161kolskoj ambulanti.<\/div>\n<div><\/div>\n<div>Roditelji putem poveznice mogu naru\u010diti dijete na pregled te dobiti sve potrebne informacije .<\/div>\n<div>Uputnicu za laboratorij izdaje \u0161kolska lije\u010dnica.<\/div>\n<div><b>Molimo roditelje da se\u00a0 pridr\u017eavaju dodijeljenih termina.<\/b><\/div>\n<div><b>\u00a0<\/b><\/div>\n<div>Za sve\u00a0 dodatne informacije roditelji se mogu javiti na telefon 842-746 ili mobitel 099 8195866.<\/div>\n<div><\/div>\n<div><a href=\"https:\/\/terminko.hr\/lokacija\/imotski1\/sistematski-pregled-prije-upisa-u-prvi-razred-osnovne-kole\/0\/4280763349af24df\" rel=\"nofollow noopener noreferrer\" target=\"_blank\" data-saferedirecturl=\"https:\/\/www.google.com\/url?q=https:\/\/terminko.hr\/lokacija\/imotski1\/sistematski-pregled-prije-upisa-u-prvi-razred-osnovne-kole\/0\/4280763349af24df&amp;source=gmail&amp;ust=1773225572607000&amp;usg=AOvVaw1BwiLdasTMzJfZjWBoNNH0\">https:\/\/terminko.hr\/lokacija\/imotski1\/sistematski-pregled-prije-upisa-u-prvi-razred-osnovne-kole\/0\/4280763349af24df<\/a><\/div>\n<p>[\/et_pb_accordion_item][\/et_pb_accordion][\/et_pb_column][\/et_pb_row][\/et_pb_section]<\/p>\n","protected":false},"excerpt":{"rendered":"<p>Sistematski pregled djece prije\u00a0 upisa u prvi razred za O\u0160 &#8220;Stjepan Radi\u0107&#8221; odr\u017eat \u0107e se\u00a011.5.,\u00a012.5., 14.5., 15.5., 18.5., 19.5. i 20.5.2026.\u00a0godine u \u0161kolskoj ambulanti. Roditelji putem poveznice mogu naru\u010diti dijete na pregled te dobiti sve potrebne informacije . Uputnicu za laboratorij izdaje \u0161kolska lije\u010dnica. Molimo roditelje da se\u00a0 pridr\u017eavaju dodijeljenih termina. \u00a0 Za sve\u00a0 dodatne [&hellip;]<\/p>\n","protected":false},"author":2840,"featured_media":301254,"comment_status":"closed","ping_status":"closed","sticky":false,"template":"","format":"standard","meta":{"_et_pb_use_builder":"on","_et_pb_old_content":"","_et_gb_content_width":"","footnotes":""},"categories":[48],"tags":[],"class_list":["post-301251","post","type-post","status-publish","format-standard","has-post-thumbnail","hentry","category-naslovnica"],"_links":{"self":[{"href":"https:\/\/os-sradic-im.skole.hr\/index.php?rest_route=\/wp\/v2\/posts\/301251","targetHints":{"allow":["GET"]}}],"collection":[{"href":"https:\/\/os-sradic-im.skole.hr\/index.php?rest_route=\/wp\/v2\/posts"}],"about":[{"href":"https:\/\/os-sradic-im.skole.hr\/index.php?rest_route=\/wp\/v2\/types\/post"}],"author":[{"embeddable":true,"href":"https:\/\/os-sradic-im.skole.hr\/index.php?rest_route=\/wp\/v2\/users\/2840"}],"replies":[{"embeddable":true,"href":"https:\/\/os-sradic-im.skole.hr\/index.php?rest_route=%2Fwp%2Fv2%2Fcomments&post=301251"}],"version-history":[{"count":2,"href":"https:\/\/os-sradic-im.skole.hr\/index.php?rest_route=\/wp\/v2\/posts\/301251\/revisions"}],"predecessor-version":[{"id":301263,"href":"https:\/\/os-sradic-im.skole.hr\/index.php?rest_route=\/wp\/v2\/posts\/301251\/revisions\/301263"}],"wp:featuredmedia":[{"embeddable":true,"href":"https:\/\/os-sradic-im.skole.hr\/index.php?rest_route=\/wp\/v2\/media\/301254"}],"wp:attachment":[{"href":"https:\/\/os-sradic-im.skole.hr\/index.php?rest_route=%2Fwp%2Fv2%2Fmedia&parent=301251"}],"wp:term":[{"taxonomy":"category","embeddable":true,"href":"https:\/\/os-sradic-im.skole.hr\/index.php?rest_route=%2Fwp%2Fv2%2Fcategories&post=301251"},{"taxonomy":"post_tag","embeddable":true,"href":"https:\/\/os-sradic-im.skole.hr\/index.php?rest_route=%2Fwp%2Fv2%2Ftags&post=301251"}],"curies":[{"name":"wp","href":"https:\/\/api.w.org\/{rel}","templated":true}]}}