{"id":300576,"date":"2025-12-04T13:56:27","date_gmt":"2025-12-04T12:56:27","guid":{"rendered":"https:\/\/os-sradic-im.skole.hr\/?p=300576"},"modified":"2026-01-27T09:34:19","modified_gmt":"2026-01-27T08:34:19","slug":"zavrsna-konferencija-erasmus-projekta-blue-and-green-schools-odrzana-u-os-stjepan-radic-imotski","status":"publish","type":"post","link":"https:\/\/os-sradic-im.skole.hr\/?p=300576","title":{"rendered":"Zavr\u0161na konferencija Erasmus+ projekta \u201cBlue and Green Schools\u201d odr\u017eana u O\u0160 Stjepan Radi\u0107 Imotski"},"content":{"rendered":"<p>[et_pb_section fb_built=&#8221;1&#8243; _builder_version=&#8221;4.25.0&#8243; _module_preset=&#8221;default&#8221; global_colors_info=&#8221;{}&#8221; theme_builder_area=&#8221;post_content&#8221;][et_pb_row _builder_version=&#8221;4.25.0&#8243; _module_preset=&#8221;default&#8221; global_colors_info=&#8221;{}&#8221; theme_builder_area=&#8221;post_content&#8221;][et_pb_column type=&#8221;4_4&#8243; _builder_version=&#8221;4.25.0&#8243; _module_preset=&#8221;default&#8221; global_colors_info=&#8221;{}&#8221; theme_builder_area=&#8221;post_content&#8221;][et_pb_accordion _builder_version=&#8221;4.25.0&#8243; _module_preset=&#8221;default&#8221; hover_enabled=&#8221;0&#8243; global_colors_info=&#8221;{}&#8221; theme_builder_area=&#8221;post_content&#8221; sticky_enabled=&#8221;0&#8243;][et_pb_accordion_item open=&#8221;on&#8221; _builder_version=&#8221;4.25.0&#8243; _module_preset=&#8221;default&#8221; hover_enabled=&#8221;0&#8243; global_colors_info=&#8221;{}&#8221; theme_builder_area=&#8221;post_content&#8221; sticky_enabled=&#8221;0&#8243;]<\/p>\n<div dir=\"auto\">U Osnovnoj \u0161koli Stjepan Radi\u0107 u Imotskom dana 4. prosinca 2025. odr\u017eana je zavr\u0161na konferencija Erasmus+ projekta \u201cBlue and Green Schools\u201d, \u010dime je simboli\u010dno zaokru\u017een dvogodi\u0161nji me\u0111unarodni projekt usmjeren na razvoj ekolo\u0161ke svijesti, odr\u017eivog razvoja te inovativnih metoda pou\u010davanja.<\/div>\n<div dir=\"auto\"><\/div>\n<div dir=\"auto\"><\/div>\n<div dir=\"auto\"><\/div>\n<div dir=\"auto\">Projekt je trajao dvije godine, a u njemu su sudjelovale \u0161kole i obrazovne institucije iz sedam europskih zemalja. Ulogu koordinatora projekta imala je Turska, dok su partnerske zemlje bile Estonija, \u0160panjolska, Rumunjska, Bugarska, Poljska te Osnovna \u0161kola Stjepan Radi\u0107 Imotski kao predstavnik Republike Hrvatske.<\/div>\n<div dir=\"auto\"><\/div>\n<div dir=\"auto\">Tijekom konferencije sudionicima je predstavljen cjelokupan tijek projekta, njegove glavne aktivnosti te klju\u010dni ishodi ostvareni kroz me\u0111unarodnu suradnju u\u010denika i u\u010ditelja. Poseban naglasak stavljen je na razvoj znanja i kompetencija vezanih uz o\u010duvanje plavih i zelenih resursa, klimatske promjene te odgovorno pona\u0161anje prema okoli\u0161u.<\/div>\n<div dir=\"auto\"><\/div>\n<div dir=\"auto\"><img decoding=\"async\" src=\"https:\/\/os-sradic-im.skole.hr\/wp-content\/uploads\/sites\/1345\/2026\/01\/InCollage_20260127_085308761-1024x1024.jpg\" width=\"1024\" height=\"1024\" alt=\"\" class=\"wp-image-300570 aligncenter size-large\" srcset=\"https:\/\/os-sradic-im.skole.hr\/wp-content\/uploads\/sites\/1345\/2026\/01\/InCollage_20260127_085308761-1024x1024.jpg 1024w, https:\/\/os-sradic-im.skole.hr\/wp-content\/uploads\/sites\/1345\/2026\/01\/InCollage_20260127_085308761-980x980.jpg 980w, https:\/\/os-sradic-im.skole.hr\/wp-content\/uploads\/sites\/1345\/2026\/01\/InCollage_20260127_085308761-480x480.jpg 480w\" sizes=\"(min-width: 0px) and (max-width: 480px) 480px, (min-width: 481px) and (max-width: 980px) 980px, (min-width: 981px) 1024px, 100vw\" \/><\/div>\n<div dir=\"auto\"><\/div>\n<div dir=\"auto\">U sklopu zavr\u0161nog predstavljanja prikazana su i edukativna videa nastala tijekom projekta, koja \u0107e se ubudu\u0107e koristiti u nastavi kao suvremeni i motiviraju\u0107i obrazovni materijali. Videozapisi su osmi\u0161ljeni kako bi u\u010denicima na pristupa\u010dan na\u010din pribli\u017eili teme ekologije, odr\u017eivosti i za\u0161tite prirode, poti\u010du\u0107i ih na aktivno sudjelovanje i kriti\u010dko promi\u0161ljanje.<\/div>\n<div dir=\"auto\"><\/div>\n<div dir=\"auto\">Zavr\u0161na konferencija bila je prilika za razmjenu iskustava, evaluaciju postignutih rezultata te isticanje va\u017enosti me\u0111unarodnih projekata u oboga\u0107ivanju odgojno-obrazovnog procesa. Sudjelovanjem u projektu \u201cBlue and Green Schools\u201d, O\u0160 Stjepan Radi\u0107 Imotski jo\u0161 je jednom potvrdila svoju otvorenost prema europskoj suradnji i inovacijama u obrazovanju, na dobrobit u\u010denika i \u0161ire zajednice.<\/div>\n<p>[\/et_pb_accordion_item][\/et_pb_accordion][\/et_pb_column][\/et_pb_row][\/et_pb_section]<\/p>\n","protected":false},"excerpt":{"rendered":"<p>U Osnovnoj \u0161koli Stjepan Radi\u0107 u Imotskom dana 4. prosinca 2025. odr\u017eana je zavr\u0161na konferencija Erasmus+ projekta \u201cBlue and Green Schools\u201d, \u010dime je simboli\u010dno zaokru\u017een dvogodi\u0161nji me\u0111unarodni projekt usmjeren na razvoj ekolo\u0161ke svijesti, odr\u017eivog razvoja te inovativnih metoda pou\u010davanja. Projekt je trajao dvije godine, a u njemu su sudjelovale \u0161kole i obrazovne institucije iz sedam [&hellip;]<\/p>\n","protected":false},"author":2840,"featured_media":0,"comment_status":"closed","ping_status":"closed","sticky":false,"template":"","format":"standard","meta":{"_et_pb_use_builder":"on","_et_pb_old_content":"","_et_gb_content_width":"","footnotes":""},"categories":[48],"tags":[],"class_list":["post-300576","post","type-post","status-publish","format-standard","hentry","category-naslovnica"],"_links":{"self":[{"href":"https:\/\/os-sradic-im.skole.hr\/index.php?rest_route=\/wp\/v2\/posts\/300576","targetHints":{"allow":["GET"]}}],"collection":[{"href":"https:\/\/os-sradic-im.skole.hr\/index.php?rest_route=\/wp\/v2\/posts"}],"about":[{"href":"https:\/\/os-sradic-im.skole.hr\/index.php?rest_route=\/wp\/v2\/types\/post"}],"author":[{"embeddable":true,"href":"https:\/\/os-sradic-im.skole.hr\/index.php?rest_route=\/wp\/v2\/users\/2840"}],"replies":[{"embeddable":true,"href":"https:\/\/os-sradic-im.skole.hr\/index.php?rest_route=%2Fwp%2Fv2%2Fcomments&post=300576"}],"version-history":[{"count":4,"href":"https:\/\/os-sradic-im.skole.hr\/index.php?rest_route=\/wp\/v2\/posts\/300576\/revisions"}],"predecessor-version":[{"id":300591,"href":"https:\/\/os-sradic-im.skole.hr\/index.php?rest_route=\/wp\/v2\/posts\/300576\/revisions\/300591"}],"wp:attachment":[{"href":"https:\/\/os-sradic-im.skole.hr\/index.php?rest_route=%2Fwp%2Fv2%2Fmedia&parent=300576"}],"wp:term":[{"taxonomy":"category","embeddable":true,"href":"https:\/\/os-sradic-im.skole.hr\/index.php?rest_route=%2Fwp%2Fv2%2Fcategories&post=300576"},{"taxonomy":"post_tag","embeddable":true,"href":"https:\/\/os-sradic-im.skole.hr\/index.php?rest_route=%2Fwp%2Fv2%2Ftags&post=300576"}],"curies":[{"name":"wp","href":"https:\/\/api.w.org\/{rel}","templated":true}]}}