{"id":299745,"date":"2025-12-01T09:25:49","date_gmt":"2025-12-01T08:25:49","guid":{"rendered":"https:\/\/os-sradic-im.skole.hr\/?p=299745"},"modified":"2025-12-03T09:26:41","modified_gmt":"2025-12-03T08:26:41","slug":"odrzan-7-medunarodni-literarno-likovni-natjecaj-velimir-derek-sokol-srce-za-hrvatsku","status":"publish","type":"post","link":"https:\/\/os-sradic-im.skole.hr\/?p=299745","title":{"rendered":"Odr\u017ean 7. Me\u0111unarodni literarno-likovni natje\u010daj &#8220;Velimir \u0110erek Sokol&#8221; &#8211; Srce za Hrvatsku"},"content":{"rendered":"<p>[et_pb_section fb_built=&#8221;1&#8243; _builder_version=&#8221;4.25.0&#8243; _module_preset=&#8221;default&#8221; global_colors_info=&#8221;{}&#8221; theme_builder_area=&#8221;post_content&#8221;][et_pb_row _builder_version=&#8221;4.25.0&#8243; _module_preset=&#8221;default&#8221; global_colors_info=&#8221;{}&#8221; theme_builder_area=&#8221;post_content&#8221;][et_pb_column type=&#8221;4_4&#8243; _builder_version=&#8221;4.25.0&#8243; _module_preset=&#8221;default&#8221; global_colors_info=&#8221;{}&#8221; theme_builder_area=&#8221;post_content&#8221;][et_pb_accordion _builder_version=&#8221;4.25.0&#8243; _module_preset=&#8221;default&#8221; global_colors_info=&#8221;{}&#8221; theme_builder_area=&#8221;post_content&#8221;][et_pb_accordion_item open=&#8221;on&#8221; _builder_version=&#8221;4.25.0&#8243; _module_preset=&#8221;default&#8221; global_colors_info=&#8221;{}&#8221; theme_builder_area=&#8221;post_content&#8221;]<\/p>\n<p>U na\u0161oj \u0161koli \u201eStjepan Radi\u0107\u201c, Imotski odr\u017eana je sve\u010dana zavr\u0161nica 7. Me\u0111unarodnog literarno-likovnog natje\u010daja \u201cVelimir \u0110erek Sokol \u2013 Srce za Hrvatsku\u201d koji je i ove godine privukao veliki interes u\u010denika iz cijele Hrvatske i inozemstva. Predvorje \u0161kole bilo je prepuno posjetitelja koji su do\u0161li podr\u017eati mlade stvaratelje te odati po\u010dast domoljubnim vrijednostima na kojima natje\u010daj po\u010diva.<\/p>\n<p>Ovogodi\u0161nja sve\u010danost bila je posve\u0107ena poginulom branitelju Mati Damiru Juro\u0161u. O njegovom \u017eivotu, hrabrosti i ljudskosti toplo i emotivno govorili su Mirjana \u0110uzel i Zlatko Lon\u010dar.<\/p>\n<p>Kulturi program &#8220;Krunidba kralja Tomislava&#8221; osmislila je prof. Sanja Bago, a izvela ga je dramska skupina \u0161kole.<\/p>\n<p>Program je obogatio \u0161kolski zbor pod vodstvom Sande Medi\u0107 Gran\u010di\u0107, a okupljenima su se obratili ravnatelj \u0161kole Marko Mende\u0161 i gradona\u010delnik Luka Kolovrat pohvaliv\u0161i trud u\u010denika i mentora te istaknuv\u0161i zna\u010daj ovakvih projekata za o\u010duvanje kulturnog i nacionalnog identiteta i njegovanje kreativnog izraza mladih.<\/p>\n<p>Na natje\u010daj je pristiglo oko 350 literarnih i likovnih radova \u0161to jo\u0161 jednom potvr\u0111uje njegov me\u0111unarodni doseg i ugled. Najuspje\u0161nijim u\u010denicima i njihovim mentorima dodijeljene su vrijedne nagrade i priznanja u vi\u0161e kategorija.<\/p>\n<p>Posebno je istaknuta uloga djelatnika Osnovne \u0161kole \u201cStjepan Radi\u0107\u201c koji su velikim anga\u017emanom pripremili cjelokupnu organizaciju sve\u010danosti, kulturni program, izlo\u017ebu, ure\u0111enje \u0161kole\u2026 \u010dime su cijelom doga\u0111aju dali dodatnu toplinu.<\/p>\n<p>Sve\u010danost je zavr\u0161ila dru\u017eenjem uz prigodan domjenak, u ozra\u010dju zajedni\u0161tva, ponosa i zahvalnosti. Natje\u010daj \u201cVelimir \u0110erek Sokol \u2013 Srce za Hrvatsku\u201d jo\u0161 je jednom pokazao koliko mladima i njihovim mentorima zna\u010di prilika za izra\u017eavanje domoljublja, kreativnosti i humanosti.<\/p>\n<p>[\/et_pb_accordion_item][\/et_pb_accordion][et_pb_gallery gallery_ids=&#8221;299790,299793,299814,299760,299769,299763,299799,299772,299757,299808,299796,299805,299802,299766,299775,299781,299778,299817,299784,299859,299853,299850,299847,299835,299832,299829,299826,299823,299811&#8243; _builder_version=&#8221;4.25.0&#8243; _module_preset=&#8221;default&#8221; global_colors_info=&#8221;{}&#8221; theme_builder_area=&#8221;post_content&#8221;][\/et_pb_gallery][\/et_pb_column][\/et_pb_row][\/et_pb_section]<\/p>\n","protected":false},"excerpt":{"rendered":"<p>U na\u0161oj \u0161koli \u201eStjepan Radi\u0107\u201c, Imotski odr\u017eana je sve\u010dana zavr\u0161nica 7. Me\u0111unarodnog literarno-likovnog natje\u010daja \u201cVelimir \u0110erek Sokol \u2013 Srce za Hrvatsku\u201d koji je i ove godine privukao veliki interes u\u010denika iz cijele Hrvatske i inozemstva. Predvorje \u0161kole bilo je prepuno posjetitelja koji su do\u0161li podr\u017eati mlade stvaratelje te odati po\u010dast domoljubnim vrijednostima na kojima natje\u010daj [&hellip;]<\/p>\n","protected":false},"author":2840,"featured_media":299748,"comment_status":"closed","ping_status":"closed","sticky":false,"template":"","format":"standard","meta":{"_et_pb_use_builder":"on","_et_pb_old_content":"","_et_gb_content_width":"","footnotes":""},"categories":[48],"tags":[],"class_list":["post-299745","post","type-post","status-publish","format-standard","has-post-thumbnail","hentry","category-naslovnica"],"_links":{"self":[{"href":"https:\/\/os-sradic-im.skole.hr\/index.php?rest_route=\/wp\/v2\/posts\/299745","targetHints":{"allow":["GET"]}}],"collection":[{"href":"https:\/\/os-sradic-im.skole.hr\/index.php?rest_route=\/wp\/v2\/posts"}],"about":[{"href":"https:\/\/os-sradic-im.skole.hr\/index.php?rest_route=\/wp\/v2\/types\/post"}],"author":[{"embeddable":true,"href":"https:\/\/os-sradic-im.skole.hr\/index.php?rest_route=\/wp\/v2\/users\/2840"}],"replies":[{"embeddable":true,"href":"https:\/\/os-sradic-im.skole.hr\/index.php?rest_route=%2Fwp%2Fv2%2Fcomments&post=299745"}],"version-history":[{"count":3,"href":"https:\/\/os-sradic-im.skole.hr\/index.php?rest_route=\/wp\/v2\/posts\/299745\/revisions"}],"predecessor-version":[{"id":299865,"href":"https:\/\/os-sradic-im.skole.hr\/index.php?rest_route=\/wp\/v2\/posts\/299745\/revisions\/299865"}],"wp:featuredmedia":[{"embeddable":true,"href":"https:\/\/os-sradic-im.skole.hr\/index.php?rest_route=\/wp\/v2\/media\/299748"}],"wp:attachment":[{"href":"https:\/\/os-sradic-im.skole.hr\/index.php?rest_route=%2Fwp%2Fv2%2Fmedia&parent=299745"}],"wp:term":[{"taxonomy":"category","embeddable":true,"href":"https:\/\/os-sradic-im.skole.hr\/index.php?rest_route=%2Fwp%2Fv2%2Fcategories&post=299745"},{"taxonomy":"post_tag","embeddable":true,"href":"https:\/\/os-sradic-im.skole.hr\/index.php?rest_route=%2Fwp%2Fv2%2Ftags&post=299745"}],"curies":[{"name":"wp","href":"https:\/\/api.w.org\/{rel}","templated":true}]}}