{"id":299244,"date":"2025-10-23T12:44:33","date_gmt":"2025-10-23T10:44:33","guid":{"rendered":"https:\/\/os-sradic-im.skole.hr\/?p=299244"},"modified":"2025-10-23T12:44:33","modified_gmt":"2025-10-23T10:44:33","slug":"svjetski-dan-kravate-i-dan-jabuka-u-produzenom-boravku","status":"publish","type":"post","link":"https:\/\/os-sradic-im.skole.hr\/?p=299244","title":{"rendered":"Svjetski dan kravate i Dan jabuka u Produ\u017eenom boravku"},"content":{"rendered":"<p>[et_pb_section fb_built=&#8221;1&#8243; theme_builder_area=&#8221;post_content&#8221; _builder_version=&#8221;4.25.0&#8243; _module_preset=&#8221;default&#8221;][et_pb_row _builder_version=&#8221;4.25.0&#8243; _module_preset=&#8221;default&#8221; theme_builder_area=&#8221;post_content&#8221;][et_pb_column _builder_version=&#8221;4.25.0&#8243; _module_preset=&#8221;default&#8221; type=&#8221;4_4&#8243; theme_builder_area=&#8221;post_content&#8221;][et_pb_accordion _builder_version=&#8221;4.25.0&#8243; _module_preset=&#8221;default&#8221; theme_builder_area=&#8221;post_content&#8221; hover_enabled=&#8221;0&#8243; sticky_enabled=&#8221;0&#8243;][et_pb_accordion_item _builder_version=&#8221;4.25.0&#8243; _module_preset=&#8221;default&#8221; theme_builder_area=&#8221;post_content&#8221; open=&#8221;on&#8221; hover_enabled=&#8221;0&#8243; sticky_enabled=&#8221;0&#8243;]<\/p>\n<p>U listopadu su nam jako va\u017ena dva datuma koja svake godine nastojimo obilje\u017eiti u Produ\u017eenom boravku. Povodom Svjetskog dana kravate, 18. listopada odlu\u010dili smo se prisjetiti zna\u010daja kravate za hrvatsku i svjetsku povijest. U\u010denici u Produ\u017eenom boravku oslikavali su svoje ina\u010dice kravata koje su bile originalne i jako zanimljive.\u00a0<\/p>\n<p>Svjetski Dan jabuka obilje\u017eava se 20. listopada. Cilj obilje\u017eavanja je uputiti na va\u017enost jabuka u svakodnevnoj prehrani jer, kako ka\u017ee stara poslovica: \u201cJabuka na dan tjera doktora iz ku\u0107e van!!\u201c Tako su i u\u010denici 1., 2. i 3. razreda Produ\u017eenog boravka zajedno sa u\u010diteljicama obilje\u017eili taj dan. Razgovarali smo o sortama jabuka, njenoj va\u017enosti u prehrani, porijeklu jabuka, degustirali smo 3 sorte jabuka, crtali ih, igrali igru vje\u0161ala i nau\u010dili ne\u0161to \u0161to nismo znali o jabukama. Dan je protekao u ugodnom dru\u017eenju i slatkim zalogajima jabuka.<\/p>\n<p>U\u010diteljice produ\u017eenog boravka<\/p>\n<p><img decoding=\"async\" src=\"https:\/\/os-sradic-im.skole.hr\/wp-content\/uploads\/sites\/1345\/2025\/10\/InCollage_20251023_095623322-1024x1024.jpg\" width=\"1024\" height=\"1024\" alt=\"\" class=\"wp-image-299160 aligncenter size-large\" srcset=\"https:\/\/os-sradic-im.skole.hr\/wp-content\/uploads\/sites\/1345\/2025\/10\/InCollage_20251023_095623322-1024x1024.jpg 1024w, https:\/\/os-sradic-im.skole.hr\/wp-content\/uploads\/sites\/1345\/2025\/10\/InCollage_20251023_095623322-980x980.jpg 980w, https:\/\/os-sradic-im.skole.hr\/wp-content\/uploads\/sites\/1345\/2025\/10\/InCollage_20251023_095623322-480x480.jpg 480w\" sizes=\"(min-width: 0px) and (max-width: 480px) 480px, (min-width: 481px) and (max-width: 980px) 980px, (min-width: 981px) 1024px, 100vw\" \/><\/p>\n<p>&nbsp;<\/p>\n<p>[\/et_pb_accordion_item][\/et_pb_accordion][\/et_pb_column][\/et_pb_row][\/et_pb_section]<\/p>\n","protected":false},"excerpt":{"rendered":"<p>U listopadu su nam jako va\u017ena dva datuma koja svake godine nastojimo obilje\u017eiti u Produ\u017eenom boravku. Povodom Svjetskog dana kravate, 18. listopada odlu\u010dili smo se prisjetiti zna\u010daja kravate za hrvatsku i svjetsku povijest. U\u010denici u Produ\u017eenom boravku oslikavali su svoje ina\u010dice kravata koje su bile originalne i jako zanimljive.\u00a0 Svjetski Dan jabuka obilje\u017eava se 20. [&hellip;]<\/p>\n","protected":false},"author":2840,"featured_media":299151,"comment_status":"closed","ping_status":"closed","sticky":false,"template":"","format":"standard","meta":{"_et_pb_use_builder":"on","_et_pb_old_content":"","_et_gb_content_width":"","footnotes":""},"categories":[48],"tags":[],"class_list":["post-299244","post","type-post","status-publish","format-standard","has-post-thumbnail","hentry","category-naslovnica"],"_links":{"self":[{"href":"https:\/\/os-sradic-im.skole.hr\/index.php?rest_route=\/wp\/v2\/posts\/299244","targetHints":{"allow":["GET"]}}],"collection":[{"href":"https:\/\/os-sradic-im.skole.hr\/index.php?rest_route=\/wp\/v2\/posts"}],"about":[{"href":"https:\/\/os-sradic-im.skole.hr\/index.php?rest_route=\/wp\/v2\/types\/post"}],"author":[{"embeddable":true,"href":"https:\/\/os-sradic-im.skole.hr\/index.php?rest_route=\/wp\/v2\/users\/2840"}],"replies":[{"embeddable":true,"href":"https:\/\/os-sradic-im.skole.hr\/index.php?rest_route=%2Fwp%2Fv2%2Fcomments&post=299244"}],"version-history":[{"count":2,"href":"https:\/\/os-sradic-im.skole.hr\/index.php?rest_route=\/wp\/v2\/posts\/299244\/revisions"}],"predecessor-version":[{"id":299253,"href":"https:\/\/os-sradic-im.skole.hr\/index.php?rest_route=\/wp\/v2\/posts\/299244\/revisions\/299253"}],"wp:featuredmedia":[{"embeddable":true,"href":"https:\/\/os-sradic-im.skole.hr\/index.php?rest_route=\/wp\/v2\/media\/299151"}],"wp:attachment":[{"href":"https:\/\/os-sradic-im.skole.hr\/index.php?rest_route=%2Fwp%2Fv2%2Fmedia&parent=299244"}],"wp:term":[{"taxonomy":"category","embeddable":true,"href":"https:\/\/os-sradic-im.skole.hr\/index.php?rest_route=%2Fwp%2Fv2%2Fcategories&post=299244"},{"taxonomy":"post_tag","embeddable":true,"href":"https:\/\/os-sradic-im.skole.hr\/index.php?rest_route=%2Fwp%2Fv2%2Ftags&post=299244"}],"curies":[{"name":"wp","href":"https:\/\/api.w.org\/{rel}","templated":true}]}}