{"id":298063,"date":"2025-06-04T10:11:07","date_gmt":"2025-06-04T08:11:07","guid":{"rendered":"https:\/\/os-sradic-im.skole.hr\/?p=298063"},"modified":"2025-06-05T11:00:59","modified_gmt":"2025-06-05T09:00:59","slug":"proslavili-smo-55-rodendan-nase-skole","status":"publish","type":"post","link":"https:\/\/os-sradic-im.skole.hr\/?p=298063","title":{"rendered":"Proslavili smo 55. ro\u0111endan na\u0161e \u0161kole"},"content":{"rendered":"<p>[et_pb_section fb_built=&#8221;1&#8243; _builder_version=&#8221;4.25.0&#8243; _module_preset=&#8221;default&#8221; global_colors_info=&#8221;{}&#8221; theme_builder_area=&#8221;post_content&#8221;][et_pb_row _builder_version=&#8221;4.25.0&#8243; _module_preset=&#8221;default&#8221; global_colors_info=&#8221;{}&#8221; theme_builder_area=&#8221;post_content&#8221;][et_pb_column type=&#8221;4_4&#8243; _builder_version=&#8221;4.25.0&#8243; _module_preset=&#8221;default&#8221; global_colors_info=&#8221;{}&#8221; theme_builder_area=&#8221;post_content&#8221;][et_pb_accordion _builder_version=&#8221;4.25.0&#8243; _module_preset=&#8221;default&#8221; hover_enabled=&#8221;0&#8243; global_colors_info=&#8221;{}&#8221; theme_builder_area=&#8221;post_content&#8221; sticky_enabled=&#8221;0&#8243;][et_pb_accordion_item open=&#8221;on&#8221; _builder_version=&#8221;4.25.0&#8243; _module_preset=&#8221;default&#8221; hover_enabled=&#8221;0&#8243; global_colors_info=&#8221;{}&#8221; theme_builder_area=&#8221;post_content&#8221; sticky_enabled=&#8221;0&#8243;]<\/p>\n<p>Dana 29. svibnja s ponosom smo obilje\u017eili jubilarni <strong>55. Dan na\u0161e \u0161kole<\/strong> \u2013 dan kada slavimo znanje, zajedni\u0161tvo i uspjehe svih generacija koje su pro\u0161le kroz na\u0161e u\u010dionice.<\/p>\n<p>Vi\u0161e od pola stolje\u0107a postojanja \u0161kole ispisano je tisu\u0107ama pri\u010da u\u010denika, u\u010ditelja i djelatnika koji su ostavili neizbrisiv trag. Svaka \u0161kolska godina, svaki razred i svaki uspjeh oblikovali su \u0161kolu kakvu danas poznajemo \u2013 mjesto rasta, sigurnosti, znanja i vrijednosti.<\/p>\n<p>U svom govoru ravnatelj \u0161kole osvrnuo se na proteklih vi\u0161e od pola stolje\u0107a na\u0161e \u0161kole, a zatim su dodijeljena priznanja u\u010denicima i njihovim u\u010diteljima koji su se svojim znanjem, zalaganjem i uspjesima na natjecanjima, smotrama i projektima posebno istaknuli u ovoj \u0161kolskoj godini.<\/p>\n<p>Nakon sve\u010dane dodjele uslijedila <strong>priredba<\/strong> koja je odu\u0161evila sve prisutne. U\u010denici su pokazali svoj talent kroz pjesmu, ples, glumu i recitaciju, a atmosfera u dvorani bila je ispunjena smijehom, ponosom i rado\u0161\u0107u.<\/p>\n<p><img decoding=\"async\" src=\"https:\/\/os-sradic-im.skole.hr\/wp-content\/uploads\/sites\/1345\/2025\/06\/InCollage_20250604_091403649-1024x1024.jpg\" width=\"1024\" height=\"1024\" alt=\"\" class=\"wp-image-298075 aligncenter size-large\" srcset=\"https:\/\/os-sradic-im.skole.hr\/wp-content\/uploads\/sites\/1345\/2025\/06\/InCollage_20250604_091403649-1024x1024.jpg 1024w, https:\/\/os-sradic-im.skole.hr\/wp-content\/uploads\/sites\/1345\/2025\/06\/InCollage_20250604_091403649-980x980.jpg 980w, https:\/\/os-sradic-im.skole.hr\/wp-content\/uploads\/sites\/1345\/2025\/06\/InCollage_20250604_091403649-480x480.jpg 480w\" sizes=\"(min-width: 0px) and (max-width: 480px) 480px, (min-width: 481px) and (max-width: 980px) 980px, (min-width: 981px) 1024px, 100vw\" \/><\/p>\n<p>Ovaj Dan \u0161kole bio je prepun aktivnosti \u2013 organiziran je niz <strong>radionica<\/strong> u kojima su u\u010denici mogli pokazati svoju kreativnost, znati\u017eelju i timski duh. Bilo je tu likovnih, glazbenih, sportskih, ekolo\u0161kih, kulinarskih i mnogih drugih zanimljivih sadr\u017eaja koje su pripremili na\u0161i u\u010ditelji.<\/p>\n<p>Nakon radionica uslijedila su tradicionalna sportska natjecanja. U nogometu su bili najuspje\u0161niji u\u010denici 4.b razreda, a u grani\u010daru u\u010denice iz 4.a. U nogometnom srazu izme\u0111u osma\u0161a i u\u010ditelja pobjedu su ovaj put odnijeli u\u010ditelji rezultatom 4:1.<\/p>\n<p><img decoding=\"async\" src=\"https:\/\/os-sradic-im.skole.hr\/wp-content\/uploads\/sites\/1345\/2025\/06\/IMG-20250602-WA0034-1024x576.jpg\" width=\"697\" height=\"392\" alt=\"\" class=\"wp-image-298108 aligncenter size-large\" \/><\/p>\n<p><img decoding=\"async\" src=\"https:\/\/os-sradic-im.skole.hr\/wp-content\/uploads\/sites\/1345\/2025\/06\/IMG-20250602-WA0035-768x1024.jpg\" width=\"665\" height=\"887\" alt=\"\" class=\"wp-image-298111 aligncenter size-large\" srcset=\"https:\/\/os-sradic-im.skole.hr\/wp-content\/uploads\/sites\/1345\/2025\/06\/IMG-20250602-WA0035-768x1024.jpg 665w, https:\/\/os-sradic-im.skole.hr\/wp-content\/uploads\/sites\/1345\/2025\/06\/IMG-20250602-WA0035-480x640.jpg 480w\" sizes=\"(min-width: 0px) and (max-width: 480px) 480px, (min-width: 481px) 665px, 100vw\" \/><\/p>\n<p>Pedeset i pet godina nije samo broj \u2013 to je naslije\u0111e koje s ponosom nosimo, ali i odgovornost da \u0161kolu i dalje gradimo kao prostor u kojem se djeca osje\u0107aju sigurno, prihva\u0107eno i potaknuto na rast.<\/p>\n<p>&nbsp;<\/p>\n<p><img decoding=\"async\" src=\"https:\/\/os-sradic-im.skole.hr\/wp-content\/uploads\/sites\/1345\/2025\/06\/GridArt_20250602_112423620-1024x1024.jpg\" width=\"539\" height=\"539\" alt=\"\" class=\"wp-image-298096 aligncenter size-large\" \/><\/p>\n<p><img decoding=\"async\" src=\"https:\/\/os-sradic-im.skole.hr\/wp-content\/uploads\/sites\/1345\/2025\/06\/InCollage_20250604_090713859-1-1024x1024.jpg\" width=\"543\" height=\"543\" alt=\"\" class=\"wp-image-298084 aligncenter size-large\" \/><\/p>\n<p><img decoding=\"async\" src=\"https:\/\/os-sradic-im.skole.hr\/wp-content\/uploads\/sites\/1345\/2025\/06\/20250531_075253-1024x1024.jpg\" width=\"563\" height=\"563\" alt=\"\" class=\"wp-image-298135 aligncenter size-large\" style=\"--tw-scale-x: 1;--tw-scale-y: 1;--tw-scroll-snap-strictness: proximity;--tw-ring-offset-width: 0px;--tw-ring-offset-color: #fff;--tw-ring-offset-shadow: 0 0 #0000;--tw-ring-shadow: 0 0 #0000;--tw-shadow: 0 0 #0000;--tw-shadow-colored: 0 0 #0000;font-size: 14px;background-color: #ffffff\" \/><\/p>\n<p><img decoding=\"async\" src=\"https:\/\/os-sradic-im.skole.hr\/wp-content\/uploads\/sites\/1345\/2025\/06\/GridArt_20250604_091001096-1024x1024.jpg\" width=\"558\" height=\"558\" alt=\"\" class=\"wp-image-298090 aligncenter size-large\" \/><\/p>\n<p><img decoding=\"async\" src=\"https:\/\/os-sradic-im.skole.hr\/wp-content\/uploads\/sites\/1345\/2025\/06\/IMG-20250604-WA0007-1024x768.jpg\" width=\"571\" height=\"428\" alt=\"\" class=\"wp-image-298087 aligncenter size-large\" \/><\/p>\n<p><img decoding=\"async\" src=\"https:\/\/os-sradic-im.skole.hr\/wp-content\/uploads\/sites\/1345\/2025\/06\/InCollage_20250604_100922301-1024x1024.jpg\" width=\"555\" height=\"555\" alt=\"\" class=\"wp-image-298117 aligncenter size-large\" \/><\/p>\n<p><img decoding=\"async\" src=\"https:\/\/os-sradic-im.skole.hr\/wp-content\/uploads\/sites\/1345\/2025\/06\/GridArt_20250604_091141112-1024x1024.jpg\" width=\"561\" height=\"561\" alt=\"\" class=\"wp-image-298093 aligncenter size-large\" \/><\/p>\n<p><img decoding=\"async\" src=\"https:\/\/os-sradic-im.skole.hr\/wp-content\/uploads\/sites\/1345\/2025\/06\/InCollage_20250604_104513555-1024x1024.jpg\" width=\"596\" height=\"596\" alt=\"\" class=\"wp-image-298129 aligncenter size-large\" \/><\/p>\n<p><img decoding=\"async\" src=\"https:\/\/os-sradic-im.skole.hr\/wp-content\/uploads\/sites\/1345\/2025\/06\/GridArt_20250604_085854017-1024x1024.jpg\" width=\"566\" height=\"566\" alt=\"\" class=\"wp-image-298099 aligncenter size-large\" \/><\/p>\n<p><img decoding=\"async\" src=\"https:\/\/os-sradic-im.skole.hr\/wp-content\/uploads\/sites\/1345\/2025\/06\/InCollage_20250604_094826490-1024x1024.jpg\" width=\"574\" height=\"574\" alt=\"\" class=\"wp-image-298102 aligncenter size-large\" \/><\/p>\n<p><img decoding=\"async\" src=\"https:\/\/os-sradic-im.skole.hr\/wp-content\/uploads\/sites\/1345\/2025\/06\/GridArt_20250604_090156025-1024x1024.jpg\" width=\"579\" height=\"579\" alt=\"\" class=\"wp-image-298105 aligncenter size-large\" \/><\/p>\n<p>[\/et_pb_accordion_item][\/et_pb_accordion][\/et_pb_column][\/et_pb_row][\/et_pb_section]<\/p>\n","protected":false},"excerpt":{"rendered":"<p>Dana 29. svibnja s ponosom smo obilje\u017eili jubilarni 55. Dan na\u0161e \u0161kole \u2013 dan kada slavimo znanje, zajedni\u0161tvo i uspjehe svih generacija koje su pro\u0161le kroz na\u0161e u\u010dionice. Vi\u0161e od pola stolje\u0107a postojanja \u0161kole ispisano je tisu\u0107ama pri\u010da u\u010denika, u\u010ditelja i djelatnika koji su ostavili neizbrisiv trag. Svaka \u0161kolska godina, svaki razred i svaki uspjeh [&hellip;]<\/p>\n","protected":false},"author":2840,"featured_media":298069,"comment_status":"closed","ping_status":"closed","sticky":false,"template":"","format":"standard","meta":{"_et_pb_use_builder":"on","_et_pb_old_content":"","_et_gb_content_width":"","footnotes":""},"categories":[48],"tags":[],"class_list":["post-298063","post","type-post","status-publish","format-standard","has-post-thumbnail","hentry","category-naslovnica"],"_links":{"self":[{"href":"https:\/\/os-sradic-im.skole.hr\/index.php?rest_route=\/wp\/v2\/posts\/298063","targetHints":{"allow":["GET"]}}],"collection":[{"href":"https:\/\/os-sradic-im.skole.hr\/index.php?rest_route=\/wp\/v2\/posts"}],"about":[{"href":"https:\/\/os-sradic-im.skole.hr\/index.php?rest_route=\/wp\/v2\/types\/post"}],"author":[{"embeddable":true,"href":"https:\/\/os-sradic-im.skole.hr\/index.php?rest_route=\/wp\/v2\/users\/2840"}],"replies":[{"embeddable":true,"href":"https:\/\/os-sradic-im.skole.hr\/index.php?rest_route=%2Fwp%2Fv2%2Fcomments&post=298063"}],"version-history":[{"count":5,"href":"https:\/\/os-sradic-im.skole.hr\/index.php?rest_route=\/wp\/v2\/posts\/298063\/revisions"}],"predecessor-version":[{"id":298141,"href":"https:\/\/os-sradic-im.skole.hr\/index.php?rest_route=\/wp\/v2\/posts\/298063\/revisions\/298141"}],"wp:featuredmedia":[{"embeddable":true,"href":"https:\/\/os-sradic-im.skole.hr\/index.php?rest_route=\/wp\/v2\/media\/298069"}],"wp:attachment":[{"href":"https:\/\/os-sradic-im.skole.hr\/index.php?rest_route=%2Fwp%2Fv2%2Fmedia&parent=298063"}],"wp:term":[{"taxonomy":"category","embeddable":true,"href":"https:\/\/os-sradic-im.skole.hr\/index.php?rest_route=%2Fwp%2Fv2%2Fcategories&post=298063"},{"taxonomy":"post_tag","embeddable":true,"href":"https:\/\/os-sradic-im.skole.hr\/index.php?rest_route=%2Fwp%2Fv2%2Ftags&post=298063"}],"curies":[{"name":"wp","href":"https:\/\/api.w.org\/{rel}","templated":true}]}}