{"id":298021,"date":"2025-06-03T11:57:57","date_gmt":"2025-06-03T09:57:57","guid":{"rendered":"https:\/\/os-sradic-im.skole.hr\/?p=298021"},"modified":"2025-06-03T11:57:57","modified_gmt":"2025-06-03T09:57:57","slug":"nasi-ucenici-ponovno-nagradeni-na-edit-u","status":"publish","type":"post","link":"https:\/\/os-sradic-im.skole.hr\/?p=298021","title":{"rendered":"Na\u0161i u\u010denici ponovno nagra\u0111eni na EDIT-u"},"content":{"rendered":"<p>[et_pb_section fb_built=&#8221;1&#8243; theme_builder_area=&#8221;post_content&#8221; _builder_version=&#8221;4.25.0&#8243; _module_preset=&#8221;default&#8221;][et_pb_row _builder_version=&#8221;4.25.0&#8243; _module_preset=&#8221;default&#8221; theme_builder_area=&#8221;post_content&#8221;][et_pb_column _builder_version=&#8221;4.25.0&#8243; _module_preset=&#8221;default&#8221; type=&#8221;4_4&#8243; theme_builder_area=&#8221;post_content&#8221;][et_pb_accordion _builder_version=&#8221;4.25.0&#8243; _module_preset=&#8221;default&#8221; theme_builder_area=&#8221;post_content&#8221; hover_enabled=&#8221;0&#8243; sticky_enabled=&#8221;0&#8243;][et_pb_accordion_item _builder_version=&#8221;4.25.0&#8243; _module_preset=&#8221;default&#8221; theme_builder_area=&#8221;post_content&#8221; open=&#8221;on&#8221; hover_enabled=&#8221;0&#8243; sticky_enabled=&#8221;0&#8243;]<\/p>\n<p>U\u010denici na\u0161e \u0161kole ve\u0107 niz godina aktivno sudjeluju u programu EDIT CodeSchool, najve\u0107oj \u0161koli primijenjenog programiranja u Republici Hrvatskoj koju je u posljednjih osam godina poha\u0111alo vi\u0161e od 3.500 u\u010denika iz 30 osnovnih i srednjih \u0161kola. <strong>Od samih po\u010detaka na\u0161a osnovna \u0161kola uklju\u010dena je u ovaj inovativni projekt, usmjeren na razvoj digitalnih vje\u0161tina me\u0111u mladima, a mo\u017eemo se pohvaliti i najve\u0107im brojem u\u010denika koji sudjeluju u \u201eDigitalnoj Dalmaciji\u201c.<\/strong><\/p>\n<p>Tijekom godina, u\u010denici O\u0160 &#8220;Stjepan Radi\u0107&#8221; i njihov mentor Zoran Gabelica \u00a0ostvarili su zapa\u017eene rezultate na razli\u010ditim razinama EDIT programa. Na posljednjoj EDIT konferenciji &#8211; Razvoj digitalnih vje\u0161tina, u organizaciji Digitalne Dalmacije i Splitsko-dalmatinske \u017eupanije koja je odr\u017eana na Prirodoslovno-matemati\u010dkom fakultetu u Splitu, svojim radovima sudjelovalo je \u010dak 30 na\u0161ih u\u010denika, a neki od njih\u00a0 su prepoznati i nagra\u0111eni. Nagrade za najbolji projekt dobili su: <strong>Marin \u017du\u017eul (7.a) i Ante Mende\u0161 (7.a)<\/strong> za \u201eAI u automobilima\u201c te <strong>Sofija Pezo (6.a) i Doris \u0160ari\u0107 (6.a)<\/strong> za \u201e\u0160to je to umjetna inteligencija?\u201c.<\/p>\n<p>Sudjelovanje u EDIT CodeSchoolu ne samo da oboga\u0107uje informati\u010dko znanje u\u010denika, ve\u0107 ih i priprema za budu\u0107e izazove na tr\u017ei\u0161tu rada, poti\u010du\u0107i ih na kreativnost, timski rad i inovativno razmi\u0161ljanje. O\u0160 &#8220;Stjepan Radi\u0107&#8221; ponosna je na svoje u\u010denike i mentora Zorana Gabelicu koji kontinuirano dokazuju da se i izvan velikih gradskih sredi\u0161ta mogu posti\u0107i vrhunski rezultati u podru\u010dju digitalnih tehnologija.<\/p>\n<p><img decoding=\"async\" src=\"https:\/\/os-sradic-im.skole.hr\/wp-content\/uploads\/sites\/1345\/2025\/06\/1000043158-1024x683.jpg\" width=\"1024\" height=\"683\" alt=\"\" class=\"wp-image-298024 aligncenter size-large\" srcset=\"https:\/\/os-sradic-im.skole.hr\/wp-content\/uploads\/sites\/1345\/2025\/06\/1000043158-1024x683.jpg 1024w, https:\/\/os-sradic-im.skole.hr\/wp-content\/uploads\/sites\/1345\/2025\/06\/1000043158-980x653.jpg 980w, https:\/\/os-sradic-im.skole.hr\/wp-content\/uploads\/sites\/1345\/2025\/06\/1000043158-480x320.jpg 480w\" sizes=\"(min-width: 0px) and (max-width: 480px) 480px, (min-width: 481px) and (max-width: 980px) 980px, (min-width: 981px) 1024px, 100vw\" \/><\/p>\n<p>&nbsp;<\/p>\n<p>[\/et_pb_accordion_item][\/et_pb_accordion][\/et_pb_column][\/et_pb_row][\/et_pb_section]<\/p>\n","protected":false},"excerpt":{"rendered":"<p>U\u010denici na\u0161e \u0161kole ve\u0107 niz godina aktivno sudjeluju u programu EDIT CodeSchool, najve\u0107oj \u0161koli primijenjenog programiranja u Republici Hrvatskoj koju je u posljednjih osam godina poha\u0111alo vi\u0161e od 3.500 u\u010denika iz 30 osnovnih i srednjih \u0161kola. Od samih po\u010detaka na\u0161a osnovna \u0161kola uklju\u010dena je u ovaj inovativni projekt, usmjeren na razvoj digitalnih vje\u0161tina me\u0111u mladima, [&hellip;]<\/p>\n","protected":false},"author":2840,"featured_media":298024,"comment_status":"closed","ping_status":"closed","sticky":false,"template":"","format":"standard","meta":{"_et_pb_use_builder":"on","_et_pb_old_content":"","_et_gb_content_width":"","footnotes":""},"categories":[48],"tags":[],"class_list":["post-298021","post","type-post","status-publish","format-standard","has-post-thumbnail","hentry","category-naslovnica"],"_links":{"self":[{"href":"https:\/\/os-sradic-im.skole.hr\/index.php?rest_route=\/wp\/v2\/posts\/298021","targetHints":{"allow":["GET"]}}],"collection":[{"href":"https:\/\/os-sradic-im.skole.hr\/index.php?rest_route=\/wp\/v2\/posts"}],"about":[{"href":"https:\/\/os-sradic-im.skole.hr\/index.php?rest_route=\/wp\/v2\/types\/post"}],"author":[{"embeddable":true,"href":"https:\/\/os-sradic-im.skole.hr\/index.php?rest_route=\/wp\/v2\/users\/2840"}],"replies":[{"embeddable":true,"href":"https:\/\/os-sradic-im.skole.hr\/index.php?rest_route=%2Fwp%2Fv2%2Fcomments&post=298021"}],"version-history":[{"count":2,"href":"https:\/\/os-sradic-im.skole.hr\/index.php?rest_route=\/wp\/v2\/posts\/298021\/revisions"}],"predecessor-version":[{"id":298033,"href":"https:\/\/os-sradic-im.skole.hr\/index.php?rest_route=\/wp\/v2\/posts\/298021\/revisions\/298033"}],"wp:featuredmedia":[{"embeddable":true,"href":"https:\/\/os-sradic-im.skole.hr\/index.php?rest_route=\/wp\/v2\/media\/298024"}],"wp:attachment":[{"href":"https:\/\/os-sradic-im.skole.hr\/index.php?rest_route=%2Fwp%2Fv2%2Fmedia&parent=298021"}],"wp:term":[{"taxonomy":"category","embeddable":true,"href":"https:\/\/os-sradic-im.skole.hr\/index.php?rest_route=%2Fwp%2Fv2%2Fcategories&post=298021"},{"taxonomy":"post_tag","embeddable":true,"href":"https:\/\/os-sradic-im.skole.hr\/index.php?rest_route=%2Fwp%2Fv2%2Ftags&post=298021"}],"curies":[{"name":"wp","href":"https:\/\/api.w.org\/{rel}","templated":true}]}}