{"id":297991,"date":"2025-05-25T09:14:16","date_gmt":"2025-05-25T07:14:16","guid":{"rendered":"https:\/\/os-sradic-im.skole.hr\/?p=297991"},"modified":"2025-06-02T09:15:03","modified_gmt":"2025-06-02T07:15:03","slug":"izlet-metkovic-ploce-bacinska-jezera","status":"publish","type":"post","link":"https:\/\/os-sradic-im.skole.hr\/?p=297991","title":{"rendered":"Izlet Metkovi\u0107 &#8211; Plo\u010de &#8211; Ba\u0107inska jezera"},"content":{"rendered":"<p>[et_pb_section fb_built=&#8221;1&#8243; theme_builder_area=&#8221;post_content&#8221; _builder_version=&#8221;4.25.0&#8243; _module_preset=&#8221;default&#8221;][et_pb_row _builder_version=&#8221;4.25.0&#8243; _module_preset=&#8221;default&#8221; theme_builder_area=&#8221;post_content&#8221;][et_pb_column _builder_version=&#8221;4.25.0&#8243; _module_preset=&#8221;default&#8221; type=&#8221;4_4&#8243; theme_builder_area=&#8221;post_content&#8221;][et_pb_accordion _builder_version=&#8221;4.25.0&#8243; _module_preset=&#8221;default&#8221; theme_builder_area=&#8221;post_content&#8221; hover_enabled=&#8221;0&#8243; sticky_enabled=&#8221;0&#8243;][et_pb_accordion_item _builder_version=&#8221;4.25.0&#8243; _module_preset=&#8221;default&#8221; theme_builder_area=&#8221;post_content&#8221; open=&#8221;on&#8221; hover_enabled=&#8221;0&#8243; sticky_enabled=&#8221;0&#8243;]<\/p>\n<p><span>Sun\u010dano proljetno jutro 20. svibnja bilo je savr\u0161eno za avanturu u\u010denika 2. a i b, te 3. b razreda. S osmijesima na licima i uzbu\u0111enjem koje se osje\u0107alo u zraku, u\u010denici su se okupili u ranim jutarnjim satima kako bi zapo\u010deli svoje putovanje, vo\u0111eni svojim u\u010diteljicama Jelenom, Anitom i Antonijom.<\/span><\/p>\n<p><img decoding=\"async\" src=\"https:\/\/os-sradic-im.skole.hr\/wp-content\/uploads\/sites\/1345\/2025\/06\/GridArt_20250602_091010203-1024x1024.jpg\" width=\"593\" height=\"593\" alt=\"\" class=\"wp-image-297994 aligncenter size-large\" \/> <span>Prva to\u010dka na\u0161eg izleta bila je Arheolo\u0161ki muzej Narona. Ovaj muzej pru\u017ea jedinstveni uvid u bogatu rimsku povijest regije, isti\u010du\u0107i zna\u010denje Narone kao jednog od najva\u017enijih anti\u010dkih naselja. U\u010denici su s odu\u0161evljenjem slu\u0161ali pri\u010de o pro\u0161losti i divili se izlo\u017ebenim predmetima koji su svjedo\u010dili o tada\u0161njem na\u010dinu \u017eivota, kulturi i umjetnosti.<\/span><\/p>\n<p><img decoding=\"async\" src=\"https:\/\/os-sradic-im.skole.hr\/wp-content\/uploads\/sites\/1345\/2025\/06\/InCollage_20250602_091051314-1024x1024.jpg\" width=\"556\" height=\"556\" alt=\"\" class=\"wp-image-297997 aligncenter size-large\" \/><br \/><span>Nakon toga zaputili smo se prema Prirodoslovnom muzeju u Metkovi\u0107u. Ovdje su u\u010denici s odu\u0161evljenjem istra\u017eivali raznoliki svijet Doline Neretve, u\u010de\u0107i o biljkama i \u017eivotinjama koje krase ovaj kraj.<\/span><br \/><span>Nakon \u0161to smo uzeli predah i malo preglizli na\u0161ih statki\u0161a, putovanje je nastavilo prema Plo\u010dama gdje smo ru\u010dali, malo odmorili spremni za nastavak na\u0161eg putovanja.<\/span><br \/><span>Stigli smo na Ba\u0107inska jezera, skriveni draguljima prirode koje je ovaj izlet u\u010dinilo nezaboravnim. Na samom po\u010detku, do\u010dekale su nas dvije ko\u0161are pune doma\u0107ih jagoda koje smo tako slasno pojeli. Nakon toga smjestili smo se u male la\u0111ice po grupama te smo u\u017eivali u slikovitom krajoliku, promatraju\u0107i \u010distu vodu i netaknutu prirodu koja ih je okru\u017eivala. Kad smo se vratili s plovidbe, u\u017eivali su u slobodnom vremenu u zajedni\u010dkoj igri, poku\u0161aju hvatanja malih ribica i dru\u017eenju s patkicama.<\/span><br \/><span>Povratak u Imotski bio je ispunjen sre\u0107om, veseljem i pjevanjem cijelim putem.<\/span><br \/><span>Izlet je zavr\u0161io s zadovoljstvom sviju nas i \u017eeljom da \u0161to prije krenemo u nove avanture.<\/span><\/p>\n<p><span>U\u010diteljice Antonija Milas, Jelena Vuj\u010di\u0107 i Anita Meter<\/span><\/p>\n<p>[\/et_pb_accordion_item][\/et_pb_accordion][\/et_pb_column][\/et_pb_row][\/et_pb_section]<\/p>\n","protected":false},"excerpt":{"rendered":"<p>Sun\u010dano proljetno jutro 20. svibnja bilo je savr\u0161eno za avanturu u\u010denika 2. a i b, te 3. b razreda. S osmijesima na licima i uzbu\u0111enjem koje se osje\u0107alo u zraku, u\u010denici su se okupili u ranim jutarnjim satima kako bi zapo\u010deli svoje putovanje, vo\u0111eni svojim u\u010diteljicama Jelenom, Anitom i Antonijom. Prva to\u010dka na\u0161eg izleta bila [&hellip;]<\/p>\n","protected":false},"author":2840,"featured_media":298000,"comment_status":"closed","ping_status":"closed","sticky":false,"template":"","format":"standard","meta":{"_et_pb_use_builder":"on","_et_pb_old_content":"","_et_gb_content_width":"","footnotes":""},"categories":[48],"tags":[],"class_list":["post-297991","post","type-post","status-publish","format-standard","has-post-thumbnail","hentry","category-naslovnica"],"_links":{"self":[{"href":"https:\/\/os-sradic-im.skole.hr\/index.php?rest_route=\/wp\/v2\/posts\/297991","targetHints":{"allow":["GET"]}}],"collection":[{"href":"https:\/\/os-sradic-im.skole.hr\/index.php?rest_route=\/wp\/v2\/posts"}],"about":[{"href":"https:\/\/os-sradic-im.skole.hr\/index.php?rest_route=\/wp\/v2\/types\/post"}],"author":[{"embeddable":true,"href":"https:\/\/os-sradic-im.skole.hr\/index.php?rest_route=\/wp\/v2\/users\/2840"}],"replies":[{"embeddable":true,"href":"https:\/\/os-sradic-im.skole.hr\/index.php?rest_route=%2Fwp%2Fv2%2Fcomments&post=297991"}],"version-history":[{"count":4,"href":"https:\/\/os-sradic-im.skole.hr\/index.php?rest_route=\/wp\/v2\/posts\/297991\/revisions"}],"predecessor-version":[{"id":298015,"href":"https:\/\/os-sradic-im.skole.hr\/index.php?rest_route=\/wp\/v2\/posts\/297991\/revisions\/298015"}],"wp:featuredmedia":[{"embeddable":true,"href":"https:\/\/os-sradic-im.skole.hr\/index.php?rest_route=\/wp\/v2\/media\/298000"}],"wp:attachment":[{"href":"https:\/\/os-sradic-im.skole.hr\/index.php?rest_route=%2Fwp%2Fv2%2Fmedia&parent=297991"}],"wp:term":[{"taxonomy":"category","embeddable":true,"href":"https:\/\/os-sradic-im.skole.hr\/index.php?rest_route=%2Fwp%2Fv2%2Fcategories&post=297991"},{"taxonomy":"post_tag","embeddable":true,"href":"https:\/\/os-sradic-im.skole.hr\/index.php?rest_route=%2Fwp%2Fv2%2Ftags&post=297991"}],"curies":[{"name":"wp","href":"https:\/\/api.w.org\/{rel}","templated":true}]}}