{"id":297964,"date":"2025-05-28T09:05:45","date_gmt":"2025-05-28T07:05:45","guid":{"rendered":"https:\/\/os-sradic-im.skole.hr\/?p=297964"},"modified":"2025-06-02T09:06:24","modified_gmt":"2025-06-02T07:06:24","slug":"jednodnevna-izvanucionicka-nastava-4-a-i-4-b","status":"publish","type":"post","link":"https:\/\/os-sradic-im.skole.hr\/?p=297964","title":{"rendered":"Jednodnevna izvanu\u010dioni\u010dka nastava 4.a i 4.b"},"content":{"rendered":"<p>[et_pb_section fb_built=&#8221;1&#8243; theme_builder_area=&#8221;post_content&#8221; _builder_version=&#8221;4.25.0&#8243; _module_preset=&#8221;default&#8221;][et_pb_row _builder_version=&#8221;4.25.0&#8243; _module_preset=&#8221;default&#8221; theme_builder_area=&#8221;post_content&#8221;][et_pb_column _builder_version=&#8221;4.25.0&#8243; _module_preset=&#8221;default&#8221; type=&#8221;4_4&#8243; theme_builder_area=&#8221;post_content&#8221;][et_pb_accordion _builder_version=&#8221;4.25.0&#8243; _module_preset=&#8221;default&#8221; theme_builder_area=&#8221;post_content&#8221; hover_enabled=&#8221;0&#8243; sticky_enabled=&#8221;0&#8243;][et_pb_accordion_item _builder_version=&#8221;4.25.0&#8243; _module_preset=&#8221;default&#8221; theme_builder_area=&#8221;post_content&#8221; open=&#8221;on&#8221; hover_enabled=&#8221;0&#8243; sticky_enabled=&#8221;0&#8243;]<\/p>\n<p><span><\/span><\/p>\n<p><span>Nakon ki\u0161a svanuo je predivan, sun\u010dan dan. Tog 26. svibnja 2025. g.\u00a0 u\u010denici 4.a i 4.b sa svojim u\u010diteljicama i pomo\u0107nicama u nastavi u ranim jutarnjim satima krenuli su na izvanu\u010dioni\u010dku nastavu Kanal sv. Ante- NP Krka &#8211; \u0160ibenik. <\/span><\/p>\n<p><span><img decoding=\"async\" src=\"https:\/\/os-sradic-im.skole.hr\/wp-content\/uploads\/sites\/1345\/2025\/06\/20250527_191338-1-1024x1024.jpg\" width=\"520\" height=\"520\" alt=\"\" class=\"wp-image-297982 aligncenter size-large\" \/><\/span><\/p>\n<p><span>Nakon ugodne vo\u017enje stigli smo na odredi\u0161te gdje su nas do\u010dekali ljubazni doma\u0107ini. Uz stru\u010dno predavanje djeci su\u00a0 pokazali podvodni svijet Jadranskog mora te ih uputili u tajne recikliranja i o\u010duvanja podmorja i prirode.<\/span><\/p>\n<p><img decoding=\"async\" src=\"https:\/\/os-sradic-im.skole.hr\/wp-content\/uploads\/sites\/1345\/2025\/06\/20250527_202401-1024x1024.jpg\" width=\"452\" height=\"452\" alt=\"\" class=\"wp-image-297976 aligncenter size-large\" \/><\/p>\n<p><span>U\u010denici su imali priliku sve virtualno i do\u017eivjeti. Obavili smo kupnju suvenira, na prekrasnoj pla\u017ei prona\u0161li hrpu \u0161koljaka te se laganom \u0161etnjom uz more uputili put autobusa. S veseljem su do\u010dekali ru\u010dak i sladoled. Nakon ru\u010dka, odmorni i puni energije krenuli smo u NP Krka. Lijepo vrijeme, prekrasna priroda\u00a0 i ljepota na\u0161e rijeke Krke odu\u0161evili su nas i mnogobrojne posjetitelje. Opijeni prirodnim ljepotama nakon kratkog odmora i fotografiranja krenuli smo prema gradu \u0160ibeniku. <\/span><\/p>\n<p><span><img decoding=\"async\" src=\"https:\/\/os-sradic-im.skole.hr\/wp-content\/uploads\/sites\/1345\/2025\/06\/20250527_200330-1024x1024.jpg\" width=\"557\" height=\"557\" alt=\"\" class=\"wp-image-297979 aligncenter size-large\" \/><\/span><\/p>\n<p><span>Uz stru\u010dno vodstvo na\u0161eg vodi\u010da Tomislava razgledavali smo stari dio grada i njegove znamenitosti. Po dolasku u katedralu sv. Jakova u\u010denici su se pomolili i u ti\u0161ini razgledavali katedralu. Zatim smo \u0161etali starim,uskim uli\u010dicama i obavili kupnju. Vrijeme je brzo proletjelo, a djeca se nisu zasitila dru\u017eenja. Morali smo krenuti put na\u0161eg grada gdje su nas nestrpljivo \u010dekali roditelji. Puni lijepih dojmova i uspomena krenuli smo ku\u0107ama.\u00a0<\/span><\/p>\n<p><span>U\u010diteljica Dragica \u010celan<\/span><\/p>\n<p><span><img decoding=\"async\" src=\"https:\/\/os-sradic-im.skole.hr\/wp-content\/uploads\/sites\/1345\/2025\/06\/20250527_201212-1024x1024.jpg\" width=\"479\" height=\"479\" alt=\"\" class=\"wp-image-297985 aligncenter size-large\" \/><\/span><\/p>\n<p>[\/et_pb_accordion_item][\/et_pb_accordion][\/et_pb_column][\/et_pb_row][\/et_pb_section]<\/p>\n","protected":false},"excerpt":{"rendered":"<p>Nakon ki\u0161a svanuo je predivan, sun\u010dan dan. Tog 26. svibnja 2025. g.\u00a0 u\u010denici 4.a i 4.b sa svojim u\u010diteljicama i pomo\u0107nicama u nastavi u ranim jutarnjim satima krenuli su na izvanu\u010dioni\u010dku nastavu Kanal sv. Ante- NP Krka &#8211; \u0160ibenik. Nakon ugodne vo\u017enje stigli smo na odredi\u0161te gdje su nas do\u010dekali ljubazni doma\u0107ini. Uz stru\u010dno predavanje [&hellip;]<\/p>\n","protected":false},"author":2840,"featured_media":297967,"comment_status":"closed","ping_status":"closed","sticky":false,"template":"","format":"standard","meta":{"_et_pb_use_builder":"on","_et_pb_old_content":"","_et_gb_content_width":"","footnotes":""},"categories":[48],"tags":[],"class_list":["post-297964","post","type-post","status-publish","format-standard","has-post-thumbnail","hentry","category-naslovnica"],"_links":{"self":[{"href":"https:\/\/os-sradic-im.skole.hr\/index.php?rest_route=\/wp\/v2\/posts\/297964","targetHints":{"allow":["GET"]}}],"collection":[{"href":"https:\/\/os-sradic-im.skole.hr\/index.php?rest_route=\/wp\/v2\/posts"}],"about":[{"href":"https:\/\/os-sradic-im.skole.hr\/index.php?rest_route=\/wp\/v2\/types\/post"}],"author":[{"embeddable":true,"href":"https:\/\/os-sradic-im.skole.hr\/index.php?rest_route=\/wp\/v2\/users\/2840"}],"replies":[{"embeddable":true,"href":"https:\/\/os-sradic-im.skole.hr\/index.php?rest_route=%2Fwp%2Fv2%2Fcomments&post=297964"}],"version-history":[{"count":2,"href":"https:\/\/os-sradic-im.skole.hr\/index.php?rest_route=\/wp\/v2\/posts\/297964\/revisions"}],"predecessor-version":[{"id":297988,"href":"https:\/\/os-sradic-im.skole.hr\/index.php?rest_route=\/wp\/v2\/posts\/297964\/revisions\/297988"}],"wp:featuredmedia":[{"embeddable":true,"href":"https:\/\/os-sradic-im.skole.hr\/index.php?rest_route=\/wp\/v2\/media\/297967"}],"wp:attachment":[{"href":"https:\/\/os-sradic-im.skole.hr\/index.php?rest_route=%2Fwp%2Fv2%2Fmedia&parent=297964"}],"wp:term":[{"taxonomy":"category","embeddable":true,"href":"https:\/\/os-sradic-im.skole.hr\/index.php?rest_route=%2Fwp%2Fv2%2Fcategories&post=297964"},{"taxonomy":"post_tag","embeddable":true,"href":"https:\/\/os-sradic-im.skole.hr\/index.php?rest_route=%2Fwp%2Fv2%2Ftags&post=297964"}],"curies":[{"name":"wp","href":"https:\/\/api.w.org\/{rel}","templated":true}]}}