{"id":297759,"date":"2025-05-20T11:02:01","date_gmt":"2025-05-20T09:02:01","guid":{"rendered":"https:\/\/os-sradic-im.skole.hr\/?p=297759"},"modified":"2025-05-20T11:02:01","modified_gmt":"2025-05-20T09:02:01","slug":"izvanucionicka-nastava-salzburg-munchen-dvorci-bavarske","status":"publish","type":"post","link":"https:\/\/os-sradic-im.skole.hr\/?p=297759","title":{"rendered":"Izvanu\u010dioni\u010dka nastava Salzburg \u2013 M\u00fcnchen \u2013 dvorci Bavarske"},"content":{"rendered":"<p>[et_pb_section fb_built=&#8221;1&#8243; theme_builder_area=&#8221;post_content&#8221; _builder_version=&#8221;4.25.0&#8243; _module_preset=&#8221;default&#8221;][et_pb_row _builder_version=&#8221;4.25.0&#8243; _module_preset=&#8221;default&#8221; theme_builder_area=&#8221;post_content&#8221;][et_pb_column _builder_version=&#8221;4.25.0&#8243; _module_preset=&#8221;default&#8221; type=&#8221;4_4&#8243; theme_builder_area=&#8221;post_content&#8221;][et_pb_accordion _builder_version=&#8221;4.25.0&#8243; _module_preset=&#8221;default&#8221; theme_builder_area=&#8221;post_content&#8221; hover_enabled=&#8221;0&#8243; sticky_enabled=&#8221;0&#8243;][et_pb_accordion_item _builder_version=&#8221;4.25.0&#8243; _module_preset=&#8221;default&#8221; theme_builder_area=&#8221;post_content&#8221; open=&#8221;on&#8221; hover_enabled=&#8221;0&#8243; sticky_enabled=&#8221;0&#8243;]<\/p>\n<p>U svibnju ove \u0161kolske godine u\u010denici 5. \u2013 8. razreda koji u\u010de njema\u010dki kao izborni strani jezik u O\u0160\u00a0 &#8220;Stjepan Radi\u0107&#8221; i O\u0160 \u201eJosip Vergilij Peri\u0107\u201c \u00a0otputovali su na trodnevnu izvanu\u010dioni\u010dku nastavu sa svojim profesoricama Anom Bobek i Monikom Pavlovi\u0107 Grabovac u Austriju i Njema\u010dku. Cilj ovog putovanja bio je u\u010denicima omogu\u0107iti upoznavanje kulturnih obilje\u017eja njema\u010dkog govornog podru\u010dja, osvijestiti va\u017enost jezi\u010dne, gospodarske, povijesne, geografske i kulturne povezanosti Republike Hrvatske sa zemljama njema\u010dkog govornog podru\u010dja te upoznati kulturno-povijesne i prirodne znamenitosti grada Salzburga i M\u00fcnchena. Putovanje je organizirano kako bi se u\u010denike dodatno motiviralo na u\u010denje njema\u010dkog jezika te im omogu\u0107ilo prakti\u010dnu primjenu istog u njegovom izvornom okru\u017eenju s izvornim govornicima.<\/p>\n<p><img decoding=\"async\" src=\"https:\/\/os-sradic-im.skole.hr\/wp-content\/uploads\/sites\/1345\/2025\/05\/IMG-20250520-WA0000-1024x1024.jpg\" width=\"595\" height=\"595\" alt=\"\" class=\"wp-image-297768 aligncenter size-large\" \/><\/p>\n<p>Na\u0161a prva stanica u Austriji bio je <strong>Hallstatt<\/strong>, gradi\u0107 pod UNESCO-ovom za\u0161titom, poznat po najstarijem rudniku soli na svijetu. Ujedno se smatra jednim od najstarijih ljudskih naselja u Europi, u kojem se sol vadila jo\u0161 oko 5500. godine prije Krista. Do rudnika smo se vozili uspinja\u010dom, a prije samog razgleda dobili smo posebne bijele hla\u010de i kute koje smo navukli preko odje\u0107e. U rudniku smo se spu\u0161tali niz dva tobogana, od kojih du\u017ei mjeri \u010dak 64 metra! Na toboganu se le\u017ei i strogo je zabranjeno ko\u010denje rukama ili nogama, a apsolutni pobjednik u brzini spu\u0161tanja niz tobogan bio je na\u0161 \u201erudarski\u201c vodi\u010d.<\/p>\n<p><img decoding=\"async\" src=\"https:\/\/os-sradic-im.skole.hr\/wp-content\/uploads\/sites\/1345\/2025\/05\/IMG-20250520-WA0001-1024x1024.jpg\" width=\"649\" height=\"649\" alt=\"\" class=\"wp-image-297771 aligncenter size-large\" \/><\/p>\n<p>U poslijepodnevnim satima smo razgledali <strong>Salzburg<\/strong> u kojem nas je \u010dekala barokna katedrala iz 17. stolje\u0107a, ulica Getreidegasse i Mozartova rodna ku\u0107a, dvorac Mirabell, vije\u0107nica i sveu\u010dili\u0161te.<\/p>\n<p><img decoding=\"async\" src=\"https:\/\/os-sradic-im.skole.hr\/wp-content\/uploads\/sites\/1345\/2025\/05\/IMG-20250520-WA0002-1024x1024.jpg\" width=\"626\" height=\"626\" alt=\"\" class=\"wp-image-297777 aligncenter size-large\" \/><\/p>\n<p>Drugi dan zapo\u010deli smo razgledom stadiona <strong>Allianz Arena<\/strong>, doma FC Bayern M\u00fcnchen. Allianz Arena je vi\u0161e od nogometnog stadiona. To je djelo arhitektonske umjetnosti. Njena impresivna fasada mo\u017ee biti osvijetljena raznim bojama kako bi se podudarala s timom koji igra kod ku\u0107e. U\u010denici su hodali stopama nogometnih legendi te imali pristup podru\u010djima koja su obi\u010dno rezervirana za igra\u010de i slu\u017ebene osobe. Osim terena i tribina, istra\u017eili smo igra\u010dki tunel, klupu za rezerve, svla\u010dionicu i konferencijski prostor. Nakon posebnog nogometnog iskustva posjetili smo <strong>BMW Info Welt muzej <\/strong>gdje smo imali priliku sjesti u neke od najnovijih modela \u010duvene marke te doznati ne\u0161to o inovacijama koje su oblikovale ili \u0107e oblikovati svijet automobila.<\/p>\n<p><img decoding=\"async\" src=\"https:\/\/os-sradic-im.skole.hr\/wp-content\/uploads\/sites\/1345\/2025\/05\/IMG-20250520-WA0003-1024x1024.jpg\" width=\"576\" height=\"576\" alt=\"\" class=\"wp-image-297780 aligncenter size-large\" \/><\/p>\n<p>U poslijepodnevnim satima smo u pratnji vodi\u010da razgledali centar grada <strong>M\u00fcnchena<\/strong> koji se ponosi bogatom kulturnom ba\u0161tinom, umjetni\u010dkim dosezima i znanstvenim otkri\u0107ima. Vidjeli smo Marienplatz, glavni trg u sredi\u0161tu grada na kojem se mo\u017ee u\u017eivati u zvucima Rathaus-Glockenspiel mehani\u010dkog glazbenog sata koji dvaput dnevno prikazuje povijest M\u00fcnchena. Glavni trg okru\u017een je dvjema vije\u0107nicama, a osim njih smo vidjeli i Karlova vrata (Karlstor), Karlov trg (Karlsplatz), katedralu Na\u0161e Gospe (Frauenkirche) i Hofbr\u00e4uhaus pivnicu. Nakon slu\u017ebenog dijela uslijedilo je slobodno vrijeme za shopping i kra\u0107e samostalno istra\u017eivanje. Posebno zanimanje, pogotovo \u017eenske populacije, izazvala je ulica luksuznih trgovina Maximilianstra\u00dfe.<\/p>\n<p><img decoding=\"async\" src=\"https:\/\/os-sradic-im.skole.hr\/wp-content\/uploads\/sites\/1345\/2025\/05\/IMG-20250520-WA0004-1024x1024.jpg\" width=\"611\" height=\"611\" alt=\"\" class=\"wp-image-297783 aligncenter size-large\" \/><\/p>\n<p>Tre\u0107i dan smo proveli u razgledu kraljevskih dvoraca <strong>Neuschwanstein<\/strong> i <strong>Hohenschwangau<\/strong> na jugu Bavarske. Bajkoviti dvorci smje\u0161teni su na alpskim bre\u017euljcima i okru\u017eeni veli\u010danstvenim jezerom. Detaljno smo razgledali dvorac Neuschwanstein, neostvareni san \u201eKralja iz bajke\u201c Ludwiga II. Jedan je od najpoznatijih dvoraca na svijetu i poslu\u017eio je kao inspiracija Waltu Disneyju za dvorac Pepeljuge.<\/p>\n<p><img decoding=\"async\" src=\"https:\/\/os-sradic-im.skole.hr\/wp-content\/uploads\/sites\/1345\/2025\/05\/IMG-20250520-WA0005-1024x1024.jpg\" width=\"637\" height=\"637\" alt=\"\" class=\"wp-image-297762 aligncenter size-large\" \/><\/p>\n<p>Vrlo promjenjive vremenske (ne)prilike nisu umanjile ljepotu posje\u0107enih mjesta, a ni dobro raspolo\u017eenje u\u010denika i njihovih profesorica koji su se puni dojmova nakon razgleda dvoraca uputili natrag prema Imotskom.<\/p>\n<p><img decoding=\"async\" src=\"https:\/\/os-sradic-im.skole.hr\/wp-content\/uploads\/sites\/1345\/2025\/05\/IMG-20250520-WA0006-1024x1024.jpg\" width=\"653\" height=\"653\" alt=\"\" class=\"wp-image-297786 aligncenter size-large\" \/><\/p>\n<p>Tekst i fotografije: Ana Bobek, prof. i Monika Pavlovi\u0107 Grabovac, prof.<\/p>\n<p>[\/et_pb_accordion_item][\/et_pb_accordion][\/et_pb_column][\/et_pb_row][\/et_pb_section]<\/p>\n","protected":false},"excerpt":{"rendered":"<p>U svibnju ove \u0161kolske godine u\u010denici 5. \u2013 8. razreda koji u\u010de njema\u010dki kao izborni strani jezik u O\u0160\u00a0 &#8220;Stjepan Radi\u0107&#8221; i O\u0160 \u201eJosip Vergilij Peri\u0107\u201c \u00a0otputovali su na trodnevnu izvanu\u010dioni\u010dku nastavu sa svojim profesoricama Anom Bobek i Monikom Pavlovi\u0107 Grabovac u Austriju i Njema\u010dku. Cilj ovog putovanja bio je u\u010denicima omogu\u0107iti upoznavanje kulturnih obilje\u017eja [&hellip;]<\/p>\n","protected":false},"author":2840,"featured_media":297762,"comment_status":"closed","ping_status":"closed","sticky":false,"template":"","format":"standard","meta":{"_et_pb_use_builder":"on","_et_pb_old_content":"","_et_gb_content_width":"","footnotes":""},"categories":[48],"tags":[],"class_list":["post-297759","post","type-post","status-publish","format-standard","has-post-thumbnail","hentry","category-naslovnica"],"_links":{"self":[{"href":"https:\/\/os-sradic-im.skole.hr\/index.php?rest_route=\/wp\/v2\/posts\/297759","targetHints":{"allow":["GET"]}}],"collection":[{"href":"https:\/\/os-sradic-im.skole.hr\/index.php?rest_route=\/wp\/v2\/posts"}],"about":[{"href":"https:\/\/os-sradic-im.skole.hr\/index.php?rest_route=\/wp\/v2\/types\/post"}],"author":[{"embeddable":true,"href":"https:\/\/os-sradic-im.skole.hr\/index.php?rest_route=\/wp\/v2\/users\/2840"}],"replies":[{"embeddable":true,"href":"https:\/\/os-sradic-im.skole.hr\/index.php?rest_route=%2Fwp%2Fv2%2Fcomments&post=297759"}],"version-history":[{"count":2,"href":"https:\/\/os-sradic-im.skole.hr\/index.php?rest_route=\/wp\/v2\/posts\/297759\/revisions"}],"predecessor-version":[{"id":297789,"href":"https:\/\/os-sradic-im.skole.hr\/index.php?rest_route=\/wp\/v2\/posts\/297759\/revisions\/297789"}],"wp:featuredmedia":[{"embeddable":true,"href":"https:\/\/os-sradic-im.skole.hr\/index.php?rest_route=\/wp\/v2\/media\/297762"}],"wp:attachment":[{"href":"https:\/\/os-sradic-im.skole.hr\/index.php?rest_route=%2Fwp%2Fv2%2Fmedia&parent=297759"}],"wp:term":[{"taxonomy":"category","embeddable":true,"href":"https:\/\/os-sradic-im.skole.hr\/index.php?rest_route=%2Fwp%2Fv2%2Fcategories&post=297759"},{"taxonomy":"post_tag","embeddable":true,"href":"https:\/\/os-sradic-im.skole.hr\/index.php?rest_route=%2Fwp%2Fv2%2Ftags&post=297759"}],"curies":[{"name":"wp","href":"https:\/\/api.w.org\/{rel}","templated":true}]}}