{"id":297447,"date":"2025-04-24T11:34:59","date_gmt":"2025-04-24T09:34:59","guid":{"rendered":"https:\/\/os-sradic-im.skole.hr\/?p=297447"},"modified":"2025-04-24T16:33:37","modified_gmt":"2025-04-24T14:33:37","slug":"noc-knjige","status":"publish","type":"post","link":"https:\/\/os-sradic-im.skole.hr\/?p=297447","title":{"rendered":"No\u0107 knjige"},"content":{"rendered":"<p>[et_pb_section fb_built=&#8221;1&#8243; _builder_version=&#8221;4.25.0&#8243; _module_preset=&#8221;default&#8221; global_colors_info=&#8221;{}&#8221; theme_builder_area=&#8221;post_content&#8221;][et_pb_row _builder_version=&#8221;4.25.0&#8243; _module_preset=&#8221;default&#8221; global_colors_info=&#8221;{}&#8221; theme_builder_area=&#8221;post_content&#8221;][et_pb_column type=&#8221;4_4&#8243; _builder_version=&#8221;4.25.0&#8243; _module_preset=&#8221;default&#8221; global_colors_info=&#8221;{}&#8221; theme_builder_area=&#8221;post_content&#8221;][et_pb_accordion _builder_version=&#8221;4.25.0&#8243; _module_preset=&#8221;default&#8221; hover_enabled=&#8221;0&#8243; global_colors_info=&#8221;{}&#8221; theme_builder_area=&#8221;post_content&#8221; sticky_enabled=&#8221;0&#8243;][et_pb_accordion_item open=&#8221;on&#8221; _builder_version=&#8221;4.25.0&#8243; _module_preset=&#8221;default&#8221; hover_enabled=&#8221;0&#8243; global_colors_info=&#8221;{}&#8221; theme_builder_area=&#8221;post_content&#8221; sticky_enabled=&#8221;0&#8243;]<\/p>\n<p><span><strong>No\u0107 knjige<\/strong>, nacionalna manifestacija posve\u0107ena knjigama, njihovim autorima i \u010ditateljima, odr\u017eava se 23. travnja godine u povodu Svjetskoga dana knjige i autorskih prava te Dana hrvatske knjige.\u00a0 Profesorice hrvatskoga jezika Sanja Bago i Ivana Ru\u017ea Ara\u010di\u0107 te knji\u017eni\u010darka Marijana Jelini\u0107 Pezo organizirale su radionicu za No\u0107 knjige i posvetile je glagoljici i 1100. obljetnici hrvatskoga kraljevstva i krunjenju kralja Tomislava. <\/span><\/p>\n<p><span>Prve pouzdane vijesti o uporabi prvoga slavenskog knji\u017eevnog jezika i pisma glagoljice kod Hrvata potje\u010du iz 10. stolje\u0107a, to\u010dnije iz godine 925., iz dvaju pisama pape Ivana X. od kojih je jedno upu\u0107eno upravo kralju Tomislavu k<\/span>ojega papa naziva\u00a0<em>kraljem<\/em>. Zbog toga se 925. godina u predaji uzima kao po\u010detak hrvatskoga kraljevstva. U skladu s tom predajom, Hrvatski je sabor 2025. godinu proglasio \u00bbGodinom obilje\u017eavanja 1100. obljetnice hrvatskoga kraljevstva<em>\u00ab.<\/em><\/p>\n<p>No, va\u017enost se 925. godine ne iscrpljuje u toj prekretnici hrvatske dr\u017eavne povijesti. Za kulturnu i crkvenu povijest hrvatskoga naroda 925. godina, to\u010dnije, Prvi splitski sabor ujedno je i doga\u0111aj s kojim je povezan<span>\u00a0<\/span><strong>najstariji dokumentirani spomen hrvatskoga glagolja\u0161tva<\/strong>.<\/p>\n<p><span>U prvom dijelu radionice u\u010denici su\u00a0 u glinamolu izra\u0111ivali medaljone s glagolji\u010dkim slovima koje su nakon su\u0161enja bojali i ukra\u0161avali, a u drugom dijelu su ispisivali i ukra\u0161avali natpis na glagoljici: <\/span>&#8220;HRVATSKO KRALJEVSTVO&#8221; glagolji\u010dkim slovima koji \u0107e biti izlo\u017een u predvorju na\u0161e \u0161kole.<\/p>\n<p><img decoding=\"async\" src=\"https:\/\/os-sradic-im.skole.hr\/wp-content\/uploads\/sites\/1345\/2025\/04\/InCollage_20250424_104732236-1024x1024.jpg\" width=\"1024\" height=\"1024\" alt=\"\" class=\"wp-image-297459 aligncenter size-large\" srcset=\"https:\/\/os-sradic-im.skole.hr\/wp-content\/uploads\/sites\/1345\/2025\/04\/InCollage_20250424_104732236-1024x1024.jpg 1024w, https:\/\/os-sradic-im.skole.hr\/wp-content\/uploads\/sites\/1345\/2025\/04\/InCollage_20250424_104732236-980x980.jpg 980w, https:\/\/os-sradic-im.skole.hr\/wp-content\/uploads\/sites\/1345\/2025\/04\/InCollage_20250424_104732236-480x480.jpg 480w\" sizes=\"(min-width: 0px) and (max-width: 480px) 480px, (min-width: 481px) and (max-width: 980px) 980px, (min-width: 981px) 1024px, 100vw\" \/><\/p>\n<p>&nbsp;<\/p>\n<p>[\/et_pb_accordion_item][\/et_pb_accordion][\/et_pb_column][\/et_pb_row][\/et_pb_section]<\/p>\n","protected":false},"excerpt":{"rendered":"<p>No\u0107 knjige, nacionalna manifestacija posve\u0107ena knjigama, njihovim autorima i \u010ditateljima, odr\u017eava se 23. travnja godine u povodu Svjetskoga dana knjige i autorskih prava te Dana hrvatske knjige.\u00a0 Profesorice hrvatskoga jezika Sanja Bago i Ivana Ru\u017ea Ara\u010di\u0107 te knji\u017eni\u010darka Marijana Jelini\u0107 Pezo organizirale su radionicu za No\u0107 knjige i posvetile je glagoljici i 1100. obljetnici hrvatskoga [&hellip;]<\/p>\n","protected":false},"author":2840,"featured_media":297450,"comment_status":"closed","ping_status":"closed","sticky":false,"template":"","format":"standard","meta":{"_et_pb_use_builder":"on","_et_pb_old_content":"","_et_gb_content_width":"","footnotes":""},"categories":[48,54],"tags":[],"class_list":["post-297447","post","type-post","status-publish","format-standard","has-post-thumbnail","hentry","category-naslovnica","category-vijesti"],"_links":{"self":[{"href":"https:\/\/os-sradic-im.skole.hr\/index.php?rest_route=\/wp\/v2\/posts\/297447","targetHints":{"allow":["GET"]}}],"collection":[{"href":"https:\/\/os-sradic-im.skole.hr\/index.php?rest_route=\/wp\/v2\/posts"}],"about":[{"href":"https:\/\/os-sradic-im.skole.hr\/index.php?rest_route=\/wp\/v2\/types\/post"}],"author":[{"embeddable":true,"href":"https:\/\/os-sradic-im.skole.hr\/index.php?rest_route=\/wp\/v2\/users\/2840"}],"replies":[{"embeddable":true,"href":"https:\/\/os-sradic-im.skole.hr\/index.php?rest_route=%2Fwp%2Fv2%2Fcomments&post=297447"}],"version-history":[{"count":3,"href":"https:\/\/os-sradic-im.skole.hr\/index.php?rest_route=\/wp\/v2\/posts\/297447\/revisions"}],"predecessor-version":[{"id":297474,"href":"https:\/\/os-sradic-im.skole.hr\/index.php?rest_route=\/wp\/v2\/posts\/297447\/revisions\/297474"}],"wp:featuredmedia":[{"embeddable":true,"href":"https:\/\/os-sradic-im.skole.hr\/index.php?rest_route=\/wp\/v2\/media\/297450"}],"wp:attachment":[{"href":"https:\/\/os-sradic-im.skole.hr\/index.php?rest_route=%2Fwp%2Fv2%2Fmedia&parent=297447"}],"wp:term":[{"taxonomy":"category","embeddable":true,"href":"https:\/\/os-sradic-im.skole.hr\/index.php?rest_route=%2Fwp%2Fv2%2Fcategories&post=297447"},{"taxonomy":"post_tag","embeddable":true,"href":"https:\/\/os-sradic-im.skole.hr\/index.php?rest_route=%2Fwp%2Fv2%2Ftags&post=297447"}],"curies":[{"name":"wp","href":"https:\/\/api.w.org\/{rel}","templated":true}]}}