{"id":297426,"date":"2025-04-24T11:01:24","date_gmt":"2025-04-24T09:01:24","guid":{"rendered":"https:\/\/os-sradic-im.skole.hr\/?p=297426"},"modified":"2025-04-24T11:52:12","modified_gmt":"2025-04-24T09:52:12","slug":"dan-planeta-zemlje","status":"publish","type":"post","link":"https:\/\/os-sradic-im.skole.hr\/?p=297426","title":{"rendered":"Dan planeta Zemlje"},"content":{"rendered":"<p>[et_pb_section fb_built=&#8221;1&#8243; _builder_version=&#8221;4.25.0&#8243; _module_preset=&#8221;default&#8221; global_colors_info=&#8221;{}&#8221; theme_builder_area=&#8221;post_content&#8221;][et_pb_row _builder_version=&#8221;4.25.0&#8243; _module_preset=&#8221;default&#8221; global_colors_info=&#8221;{}&#8221; theme_builder_area=&#8221;post_content&#8221;][et_pb_column type=&#8221;4_4&#8243; _builder_version=&#8221;4.25.0&#8243; _module_preset=&#8221;default&#8221; global_colors_info=&#8221;{}&#8221; theme_builder_area=&#8221;post_content&#8221;][et_pb_accordion _builder_version=&#8221;4.25.0&#8243; _module_preset=&#8221;default&#8221; global_colors_info=&#8221;{}&#8221; theme_builder_area=&#8221;post_content&#8221;][et_pb_accordion_item open=&#8221;on&#8221; _builder_version=&#8221;4.25.0&#8243; _module_preset=&#8221;default&#8221; global_colors_info=&#8221;{}&#8221; theme_builder_area=&#8221;post_content&#8221;]<\/p>\n<p>U\u010denici 2. i 3. razreda P\u0160 Vinjani Donji obilje\u017eili su Dan planeta Zemlje. Tre\u0107a\u0161i su izradili plakat s porukama kako za\u0161titi na\u0161 jedini planet i izradili su maketu njihove \u0161kole, a u\u010denici 2. razreda izra\u0111ivali su sretna lica Zemlje.<\/p>\n<p><img decoding=\"async\" src=\"https:\/\/os-sradic-im.skole.hr\/wp-content\/uploads\/sites\/1345\/2025\/04\/InCollage_20250424_101705713-1024x1024.jpg\" width=\"1024\" height=\"1024\" alt=\"\" class=\"wp-image-297438 aligncenter size-large\" srcset=\"https:\/\/os-sradic-im.skole.hr\/wp-content\/uploads\/sites\/1345\/2025\/04\/InCollage_20250424_101705713-1024x1024.jpg 1024w, https:\/\/os-sradic-im.skole.hr\/wp-content\/uploads\/sites\/1345\/2025\/04\/InCollage_20250424_101705713-980x980.jpg 980w, https:\/\/os-sradic-im.skole.hr\/wp-content\/uploads\/sites\/1345\/2025\/04\/InCollage_20250424_101705713-480x480.jpg 480w\" sizes=\"(min-width: 0px) and (max-width: 480px) 480px, (min-width: 481px) and (max-width: 980px) 980px, (min-width: 981px) 1024px, 100vw\" \/><\/p>\n<p><span>Dan planeta Zemlje obilje\u017eava se 22. travnja kako bi se ja\u010dala svijest ljudi prema prirodnom okoli\u0161u. Razli\u010ditim doga\u0111anjima i akcijama nastoji se skrenuti pozornost ljudima na opasnost koja prijeti \u017eivotu na Zemlji zbog porasta globalnog one\u010di\u0161\u0107enja te ih potaknuti da osvijeste problem zaga\u0111enja okoli\u0161a.\u00a0<\/span><\/p>\n<p>[\/et_pb_accordion_item][\/et_pb_accordion][\/et_pb_column][\/et_pb_row][\/et_pb_section]<\/p>\n","protected":false},"excerpt":{"rendered":"<p>U\u010denici 2. i 3. razreda P\u0160 Vinjani Donji obilje\u017eili su Dan planeta Zemlje. Tre\u0107a\u0161i su izradili plakat s porukama kako za\u0161titi na\u0161 jedini planet i izradili su maketu njihove \u0161kole, a u\u010denici 2. razreda izra\u0111ivali su sretna lica Zemlje. Dan planeta Zemlje obilje\u017eava se 22. travnja kako bi se ja\u010dala svijest ljudi prema prirodnom okoli\u0161u. [&hellip;]<\/p>\n","protected":false},"author":2840,"featured_media":297429,"comment_status":"closed","ping_status":"closed","sticky":false,"template":"","format":"standard","meta":{"_et_pb_use_builder":"on","_et_pb_old_content":"","_et_gb_content_width":"","footnotes":""},"categories":[48],"tags":[],"class_list":["post-297426","post","type-post","status-publish","format-standard","has-post-thumbnail","hentry","category-naslovnica"],"_links":{"self":[{"href":"https:\/\/os-sradic-im.skole.hr\/index.php?rest_route=\/wp\/v2\/posts\/297426","targetHints":{"allow":["GET"]}}],"collection":[{"href":"https:\/\/os-sradic-im.skole.hr\/index.php?rest_route=\/wp\/v2\/posts"}],"about":[{"href":"https:\/\/os-sradic-im.skole.hr\/index.php?rest_route=\/wp\/v2\/types\/post"}],"author":[{"embeddable":true,"href":"https:\/\/os-sradic-im.skole.hr\/index.php?rest_route=\/wp\/v2\/users\/2840"}],"replies":[{"embeddable":true,"href":"https:\/\/os-sradic-im.skole.hr\/index.php?rest_route=%2Fwp%2Fv2%2Fcomments&post=297426"}],"version-history":[{"count":3,"href":"https:\/\/os-sradic-im.skole.hr\/index.php?rest_route=\/wp\/v2\/posts\/297426\/revisions"}],"predecessor-version":[{"id":297468,"href":"https:\/\/os-sradic-im.skole.hr\/index.php?rest_route=\/wp\/v2\/posts\/297426\/revisions\/297468"}],"wp:featuredmedia":[{"embeddable":true,"href":"https:\/\/os-sradic-im.skole.hr\/index.php?rest_route=\/wp\/v2\/media\/297429"}],"wp:attachment":[{"href":"https:\/\/os-sradic-im.skole.hr\/index.php?rest_route=%2Fwp%2Fv2%2Fmedia&parent=297426"}],"wp:term":[{"taxonomy":"category","embeddable":true,"href":"https:\/\/os-sradic-im.skole.hr\/index.php?rest_route=%2Fwp%2Fv2%2Fcategories&post=297426"},{"taxonomy":"post_tag","embeddable":true,"href":"https:\/\/os-sradic-im.skole.hr\/index.php?rest_route=%2Fwp%2Fv2%2Ftags&post=297426"}],"curies":[{"name":"wp","href":"https:\/\/api.w.org\/{rel}","templated":true}]}}