{"id":297351,"date":"2025-04-16T10:34:17","date_gmt":"2025-04-16T08:34:17","guid":{"rendered":"https:\/\/os-sradic-im.skole.hr\/?p=297351"},"modified":"2025-04-16T10:34:17","modified_gmt":"2025-04-16T08:34:17","slug":"uskrsni-sajam-zadruge-vila-jezeranka","status":"publish","type":"post","link":"https:\/\/os-sradic-im.skole.hr\/?p=297351","title":{"rendered":"Uskrsni sajam zadruge \u201eVila Jezeranka\u201c"},"content":{"rendered":"<p>[et_pb_section fb_built=&#8221;1&#8243; theme_builder_area=&#8221;post_content&#8221; _builder_version=&#8221;4.25.0&#8243; _module_preset=&#8221;default&#8221;][et_pb_row _builder_version=&#8221;4.25.0&#8243; _module_preset=&#8221;default&#8221; theme_builder_area=&#8221;post_content&#8221; custom_padding=&#8221;149px|||||&#8221;][et_pb_column _builder_version=&#8221;4.25.0&#8243; _module_preset=&#8221;default&#8221; type=&#8221;4_4&#8243; theme_builder_area=&#8221;post_content&#8221;][et_pb_accordion _builder_version=&#8221;4.25.0&#8243; _module_preset=&#8221;default&#8221; theme_builder_area=&#8221;post_content&#8221; hover_enabled=&#8221;0&#8243; sticky_enabled=&#8221;0&#8243;][et_pb_accordion_item _builder_version=&#8221;4.25.0&#8243; _module_preset=&#8221;default&#8221; theme_builder_area=&#8221;post_content&#8221; open=&#8221;on&#8221; hover_enabled=&#8221;0&#8243; sticky_enabled=&#8221;0&#8243;]<\/p>\n<p>Na\u0161a u\u010deni\u010dka zadruga \u201eVila Jezeranka\u201c i ove je godine sudjelovala na Uskrsnom sajmu u\u010deni\u010dkih zadruga Imotske krajine ispred robne ku\u0107e \u201eIMA\u201c. U\u010denici su, uz podr\u0161ku u\u010ditelja i mentora, s puno truda izradili razne uskrsne dekoracije \u2013 \u0161arena jaja, ze\u010di\u0107e, vijence i aran\u017emane koji su odu\u0161evili posjetitelje.<\/p>\n<p>Sajam je bio prilika za predstavljanje u\u010deni\u010dkih vje\u0161tina, njegovanje zajedni\u0161tva i poticanje poduzetni\u010dkog duha. Prikupljeni prihod bit \u0107e ulo\u017een u daljnje projekte zadruge.<\/p>\n<p>Zahvaljujemo svima koji su podr\u017eali na\u0161 rad i pridonijeli uspjehu ovog kreativnog i veseloga doga\u0111anja!<\/p>\n<p>Ivana Juki\u0107, u\u010d. reh.<\/p>\n<p><img decoding=\"async\" src=\"https:\/\/os-sradic-im.skole.hr\/wp-content\/uploads\/sites\/1345\/2025\/04\/IMG-20250416-WA0004-576x1024.jpg\" width=\"576\" height=\"1024\" alt=\"\" class=\"wp-image-297381 aligncenter size-large\" srcset=\"https:\/\/os-sradic-im.skole.hr\/wp-content\/uploads\/sites\/1345\/2025\/04\/IMG-20250416-WA0004-576x1024.jpg 576w, https:\/\/os-sradic-im.skole.hr\/wp-content\/uploads\/sites\/1345\/2025\/04\/IMG-20250416-WA0004-480x853.jpg 480w\" sizes=\"(min-width: 0px) and (max-width: 480px) 480px, (min-width: 481px) 576px, 100vw\" \/><img decoding=\"async\" src=\"https:\/\/os-sradic-im.skole.hr\/wp-content\/uploads\/sites\/1345\/2025\/04\/IMG-20250416-WA0002-768x1024.jpg\" width=\"768\" height=\"1024\" alt=\"\" class=\"wp-image-297378 aligncenter size-large\" srcset=\"https:\/\/os-sradic-im.skole.hr\/wp-content\/uploads\/sites\/1345\/2025\/04\/IMG-20250416-WA0002-768x1024.jpg 768w, https:\/\/os-sradic-im.skole.hr\/wp-content\/uploads\/sites\/1345\/2025\/04\/IMG-20250416-WA0002-480x640.jpg 480w\" sizes=\"(min-width: 0px) and (max-width: 480px) 480px, (min-width: 481px) 768px, 100vw\" \/> <img decoding=\"async\" src=\"https:\/\/os-sradic-im.skole.hr\/wp-content\/uploads\/sites\/1345\/2025\/04\/IMG-20250416-WA0008-768x1024.jpg\" width=\"768\" height=\"1024\" alt=\"\" class=\"wp-image-297375 aligncenter size-large\" srcset=\"https:\/\/os-sradic-im.skole.hr\/wp-content\/uploads\/sites\/1345\/2025\/04\/IMG-20250416-WA0008-768x1024.jpg 768w, https:\/\/os-sradic-im.skole.hr\/wp-content\/uploads\/sites\/1345\/2025\/04\/IMG-20250416-WA0008-480x640.jpg 480w\" sizes=\"(min-width: 0px) and (max-width: 480px) 480px, (min-width: 481px) 768px, 100vw\" \/> <img decoding=\"async\" src=\"https:\/\/os-sradic-im.skole.hr\/wp-content\/uploads\/sites\/1345\/2025\/04\/IMG-20250416-WA0007-768x1024.jpg\" width=\"768\" height=\"1024\" alt=\"\" class=\"wp-image-297372 aligncenter size-large\" srcset=\"https:\/\/os-sradic-im.skole.hr\/wp-content\/uploads\/sites\/1345\/2025\/04\/IMG-20250416-WA0007-768x1024.jpg 768w, https:\/\/os-sradic-im.skole.hr\/wp-content\/uploads\/sites\/1345\/2025\/04\/IMG-20250416-WA0007-480x640.jpg 480w\" sizes=\"(min-width: 0px) and (max-width: 480px) 480px, (min-width: 481px) 768px, 100vw\" \/> <img decoding=\"async\" src=\"https:\/\/os-sradic-im.skole.hr\/wp-content\/uploads\/sites\/1345\/2025\/04\/IMG-20250416-WA0005-576x1024.jpg\" width=\"576\" height=\"1024\" alt=\"\" class=\"wp-image-297369 aligncenter size-large\" srcset=\"https:\/\/os-sradic-im.skole.hr\/wp-content\/uploads\/sites\/1345\/2025\/04\/IMG-20250416-WA0005-576x1024.jpg 576w, https:\/\/os-sradic-im.skole.hr\/wp-content\/uploads\/sites\/1345\/2025\/04\/IMG-20250416-WA0005-480x853.jpg 480w\" sizes=\"(min-width: 0px) and (max-width: 480px) 480px, (min-width: 481px) 576px, 100vw\" \/> <img decoding=\"async\" src=\"https:\/\/os-sradic-im.skole.hr\/wp-content\/uploads\/sites\/1345\/2025\/04\/IMG-20250416-WA0003-576x1024.jpg\" width=\"576\" height=\"1024\" alt=\"\" class=\"wp-image-297366 aligncenter size-large\" srcset=\"https:\/\/os-sradic-im.skole.hr\/wp-content\/uploads\/sites\/1345\/2025\/04\/IMG-20250416-WA0003-576x1024.jpg 576w, https:\/\/os-sradic-im.skole.hr\/wp-content\/uploads\/sites\/1345\/2025\/04\/IMG-20250416-WA0003-480x853.jpg 480w\" sizes=\"(min-width: 0px) and (max-width: 480px) 480px, (min-width: 481px) 576px, 100vw\" \/><img decoding=\"async\" src=\"https:\/\/os-sradic-im.skole.hr\/wp-content\/uploads\/sites\/1345\/2025\/04\/IMG-20250416-WA0006-768x1024.jpg\" width=\"768\" height=\"1024\" alt=\"\" class=\"wp-image-297363 aligncenter size-large\" srcset=\"https:\/\/os-sradic-im.skole.hr\/wp-content\/uploads\/sites\/1345\/2025\/04\/IMG-20250416-WA0006-768x1024.jpg 768w, https:\/\/os-sradic-im.skole.hr\/wp-content\/uploads\/sites\/1345\/2025\/04\/IMG-20250416-WA0006-480x640.jpg 480w\" sizes=\"(min-width: 0px) and (max-width: 480px) 480px, (min-width: 481px) 768px, 100vw\" \/><\/p>\n<p>&nbsp;<\/p>\n<p>&nbsp;<\/p>\n<p>[\/et_pb_accordion_item][\/et_pb_accordion][\/et_pb_column][\/et_pb_row][\/et_pb_section]<\/p>\n","protected":false},"excerpt":{"rendered":"<p>Na\u0161a u\u010deni\u010dka zadruga \u201eVila Jezeranka\u201c i ove je godine sudjelovala na Uskrsnom sajmu u\u010deni\u010dkih zadruga Imotske krajine ispred robne ku\u0107e \u201eIMA\u201c. U\u010denici su, uz podr\u0161ku u\u010ditelja i mentora, s puno truda izradili razne uskrsne dekoracije \u2013 \u0161arena jaja, ze\u010di\u0107e, vijence i aran\u017emane koji su odu\u0161evili posjetitelje. Sajam je bio prilika za predstavljanje u\u010deni\u010dkih vje\u0161tina, njegovanje [&hellip;]<\/p>\n","protected":false},"author":2840,"featured_media":297354,"comment_status":"closed","ping_status":"closed","sticky":false,"template":"","format":"standard","meta":{"_et_pb_use_builder":"on","_et_pb_old_content":"","_et_gb_content_width":"","footnotes":""},"categories":[48],"tags":[],"class_list":["post-297351","post","type-post","status-publish","format-standard","has-post-thumbnail","hentry","category-naslovnica"],"_links":{"self":[{"href":"https:\/\/os-sradic-im.skole.hr\/index.php?rest_route=\/wp\/v2\/posts\/297351","targetHints":{"allow":["GET"]}}],"collection":[{"href":"https:\/\/os-sradic-im.skole.hr\/index.php?rest_route=\/wp\/v2\/posts"}],"about":[{"href":"https:\/\/os-sradic-im.skole.hr\/index.php?rest_route=\/wp\/v2\/types\/post"}],"author":[{"embeddable":true,"href":"https:\/\/os-sradic-im.skole.hr\/index.php?rest_route=\/wp\/v2\/users\/2840"}],"replies":[{"embeddable":true,"href":"https:\/\/os-sradic-im.skole.hr\/index.php?rest_route=%2Fwp%2Fv2%2Fcomments&post=297351"}],"version-history":[{"count":2,"href":"https:\/\/os-sradic-im.skole.hr\/index.php?rest_route=\/wp\/v2\/posts\/297351\/revisions"}],"predecessor-version":[{"id":297384,"href":"https:\/\/os-sradic-im.skole.hr\/index.php?rest_route=\/wp\/v2\/posts\/297351\/revisions\/297384"}],"wp:featuredmedia":[{"embeddable":true,"href":"https:\/\/os-sradic-im.skole.hr\/index.php?rest_route=\/wp\/v2\/media\/297354"}],"wp:attachment":[{"href":"https:\/\/os-sradic-im.skole.hr\/index.php?rest_route=%2Fwp%2Fv2%2Fmedia&parent=297351"}],"wp:term":[{"taxonomy":"category","embeddable":true,"href":"https:\/\/os-sradic-im.skole.hr\/index.php?rest_route=%2Fwp%2Fv2%2Fcategories&post=297351"},{"taxonomy":"post_tag","embeddable":true,"href":"https:\/\/os-sradic-im.skole.hr\/index.php?rest_route=%2Fwp%2Fv2%2Ftags&post=297351"}],"curies":[{"name":"wp","href":"https:\/\/api.w.org\/{rel}","templated":true}]}}