{"id":295416,"date":"2024-11-25T12:52:27","date_gmt":"2024-11-25T11:52:27","guid":{"rendered":"https:\/\/os-sradic-im.skole.hr\/?p=295416"},"modified":"2024-11-25T12:53:55","modified_gmt":"2024-11-25T11:53:55","slug":"posjet-gradskoj-knjiznici","status":"publish","type":"post","link":"https:\/\/os-sradic-im.skole.hr\/?p=295416","title":{"rendered":"Posjet Gradskoj knji\u017enici"},"content":{"rendered":"<p>[et_pb_section fb_built=&#8221;1&#8243; _builder_version=&#8221;4.25.0&#8243; _module_preset=&#8221;default&#8221; global_colors_info=&#8221;{}&#8221; theme_builder_area=&#8221;post_content&#8221;][et_pb_row _builder_version=&#8221;4.25.0&#8243; _module_preset=&#8221;default&#8221; global_colors_info=&#8221;{}&#8221; theme_builder_area=&#8221;post_content&#8221;][et_pb_column type=&#8221;4_4&#8243; _builder_version=&#8221;4.25.0&#8243; _module_preset=&#8221;default&#8221; global_colors_info=&#8221;{}&#8221; theme_builder_area=&#8221;post_content&#8221;][et_pb_accordion _builder_version=&#8221;4.25.0&#8243; _module_preset=&#8221;default&#8221; hover_enabled=&#8221;0&#8243; global_colors_info=&#8221;{}&#8221; theme_builder_area=&#8221;post_content&#8221; sticky_enabled=&#8221;0&#8243;][et_pb_accordion_item open=&#8221;on&#8221; _builder_version=&#8221;4.25.0&#8243; _module_preset=&#8221;default&#8221; hover_enabled=&#8221;0&#8243; global_colors_info=&#8221;{}&#8221; theme_builder_area=&#8221;post_content&#8221; sticky_enabled=&#8221;0&#8243;]<\/p>\n<p>Mjesec hrvatske knjige obilje\u017eava se od 15. listopada do 15. studenog, a ovogodi\u0161nja tema je \u201cPri\u010daj mi\u201d.<\/p>\n<p>Povodom toga u\u010denici 2. a i 2. b sa svojim u\u010diteljicama su 14. studenog oti\u0161li u posjet Gradskoj knji\u017enici \u201cDon Mihovil Pavlinovi\u0107\u201d. Dan je bio burovit i hladan pa su u\u010denici brzo hodali kako bi \u0161to prije do\u0161li do Gradske knji\u017enice gdje ih je do\u010dekala ljubazna knji\u017eni\u010darka Marija \u0160u\u0107ur koju su upoznali pro\u0161le godine.<\/p>\n<p>Knji\u017eni\u010darka Marija pro\u010ditala im je slikovnice <em>Dom je tamo gdje mi je srce\u00a0 <\/em>i <em>Divovsko Skakutalo <\/em>te su izra\u0111ivali strani\u010dnike. Na odlasku knji\u017eni\u010darka je po\u010dastila u\u010denike prigodnim strani\u010dnicima i bombonima.<\/p>\n<p>Jelena Vuj\u010di\u0107, u\u010diteljica<\/p>\n<p><img decoding=\"async\" src=\"https:\/\/os-sradic-im.skole.hr\/wp-content\/uploads\/sites\/1345\/2024\/11\/Picsart_24-11-25_09-29-03-930-1-1024x1024.jpg\" width=\"662\" height=\"662\" alt=\"\" class=\"wp-image-295419 size-large\" style=\"margin-left: auto;margin-right: auto\" \/> {&#8220;remix_data&#8221;:[],&#8221;remix_entry_point&#8221;:&#8221;challenges&#8221;,&#8221;source_tags&#8221;:[],&#8221;origin&#8221;:&#8221;unknown&#8221;,&#8221;total_draw_time&#8221;:0,&#8221;total_draw_actions&#8221;:0,&#8221;layers_used&#8221;:0,&#8221;brushes_used&#8221;:0,&#8221;photos_added&#8221;:0,&#8221;total_editor_actions&#8221;:{},&#8221;tools_used&#8221;:{},&#8221;is_sticker&#8221;:false,&#8221;edited_since_last_sticker_save&#8221;:false,&#8221;containsFTESticker&#8221;:false}[\/caption]<\/p>\n<p>[\/et_pb_accordion_item][\/et_pb_accordion][\/et_pb_column][\/et_pb_row][\/et_pb_section]<\/p>\n","protected":false},"excerpt":{"rendered":"<p>Mjesec hrvatske knjige obilje\u017eava se od 15. listopada do 15. studenog, a ovogodi\u0161nja tema je \u201cPri\u010daj mi\u201d. Povodom toga u\u010denici 2. a i 2. b sa svojim u\u010diteljicama su 14. studenog oti\u0161li u posjet Gradskoj knji\u017enici \u201cDon Mihovil Pavlinovi\u0107\u201d. Dan je bio burovit i hladan pa su u\u010denici brzo hodali kako bi \u0161to prije do\u0161li [&hellip;]<\/p>\n","protected":false},"author":2840,"featured_media":295419,"comment_status":"closed","ping_status":"closed","sticky":false,"template":"","format":"standard","meta":{"_et_pb_use_builder":"on","_et_pb_old_content":"","_et_gb_content_width":"","footnotes":""},"categories":[48],"tags":[],"class_list":["post-295416","post","type-post","status-publish","format-standard","has-post-thumbnail","hentry","category-naslovnica"],"_links":{"self":[{"href":"https:\/\/os-sradic-im.skole.hr\/index.php?rest_route=\/wp\/v2\/posts\/295416","targetHints":{"allow":["GET"]}}],"collection":[{"href":"https:\/\/os-sradic-im.skole.hr\/index.php?rest_route=\/wp\/v2\/posts"}],"about":[{"href":"https:\/\/os-sradic-im.skole.hr\/index.php?rest_route=\/wp\/v2\/types\/post"}],"author":[{"embeddable":true,"href":"https:\/\/os-sradic-im.skole.hr\/index.php?rest_route=\/wp\/v2\/users\/2840"}],"replies":[{"embeddable":true,"href":"https:\/\/os-sradic-im.skole.hr\/index.php?rest_route=%2Fwp%2Fv2%2Fcomments&post=295416"}],"version-history":[{"count":3,"href":"https:\/\/os-sradic-im.skole.hr\/index.php?rest_route=\/wp\/v2\/posts\/295416\/revisions"}],"predecessor-version":[{"id":295434,"href":"https:\/\/os-sradic-im.skole.hr\/index.php?rest_route=\/wp\/v2\/posts\/295416\/revisions\/295434"}],"wp:featuredmedia":[{"embeddable":true,"href":"https:\/\/os-sradic-im.skole.hr\/index.php?rest_route=\/wp\/v2\/media\/295419"}],"wp:attachment":[{"href":"https:\/\/os-sradic-im.skole.hr\/index.php?rest_route=%2Fwp%2Fv2%2Fmedia&parent=295416"}],"wp:term":[{"taxonomy":"category","embeddable":true,"href":"https:\/\/os-sradic-im.skole.hr\/index.php?rest_route=%2Fwp%2Fv2%2Fcategories&post=295416"},{"taxonomy":"post_tag","embeddable":true,"href":"https:\/\/os-sradic-im.skole.hr\/index.php?rest_route=%2Fwp%2Fv2%2Ftags&post=295416"}],"curies":[{"name":"wp","href":"https:\/\/api.w.org\/{rel}","templated":true}]}}