{"id":295356,"date":"2024-11-20T12:17:49","date_gmt":"2024-11-20T11:17:49","guid":{"rendered":"https:\/\/os-sradic-im.skole.hr\/?p=295356"},"modified":"2024-11-20T12:18:43","modified_gmt":"2024-11-20T11:18:43","slug":"humanitarna-akcija-antin-13","status":"publish","type":"post","link":"https:\/\/os-sradic-im.skole.hr\/?p=295356","title":{"rendered":"Humanitarna akcija Antin 13."},"content":{"rendered":"<p>[et_pb_section fb_built=&#8221;1&#8243; _builder_version=&#8221;4.25.0&#8243; _module_preset=&#8221;default&#8221; global_colors_info=&#8221;{}&#8221; theme_builder_area=&#8221;post_content&#8221;][et_pb_row _builder_version=&#8221;4.25.0&#8243; _module_preset=&#8221;default&#8221; global_colors_info=&#8221;{}&#8221; theme_builder_area=&#8221;post_content&#8221;][et_pb_column type=&#8221;4_4&#8243; _builder_version=&#8221;4.25.0&#8243; _module_preset=&#8221;default&#8221; global_colors_info=&#8221;{}&#8221; theme_builder_area=&#8221;post_content&#8221;][et_pb_accordion _builder_version=&#8221;4.25.0&#8243; _module_preset=&#8221;default&#8221; hover_enabled=&#8221;0&#8243; global_colors_info=&#8221;{}&#8221; theme_builder_area=&#8221;post_content&#8221; sticky_enabled=&#8221;0&#8243;][et_pb_accordion_item open=&#8221;on&#8221; _builder_version=&#8221;4.25.0&#8243; _module_preset=&#8221;default&#8221; hover_enabled=&#8221;0&#8243; global_colors_info=&#8221;{}&#8221; theme_builder_area=&#8221;post_content&#8221; sticky_enabled=&#8221;0&#8243;]<\/p>\n<p><strong>U ovo predbo\u017ei\u0107no vrijeme na\u0161a \u0161kola ponovno \u0107e se uklju\u010diti u humanitarnu akciju Antin 13. kojom se poma\u017ee potrebitim obiteljima Imotske krajine.<\/strong><\/p>\n<p><strong>Donirati se mo\u017ee<\/strong>: ulje, bra\u0161no, mlijeko, tjestenina, \u0161e\u0107er, sol, konzerve i ostale nekvarljive namirnice, a u\u010ditelji mogu donirati nov\u010dane priloge. Bilo bi lijepo da u \u0161to ve\u0107em broju podr\u017eimo ovu hvalevrijednu akciju!<\/p>\n<p>Svoje donacije u\u010denici mogu donositi u u\u010dionicu <strong><u>broj 8<\/u><\/strong> u\u010diteljici Antoniji Milas.<\/p>\n<p>Donacije \u0107e se sakupljati o<strong>d 21. studenoga 2024. do 9. prosinca 2024.<\/strong>, a sve prikupljeno predat \u0107e se u imotski franjeva\u010dki samostan.<\/p>\n<p>Hvala svima koji se odazovu ovoj akciji!<\/p>\n<p><em>Marko Mende\u0161, ravnatelj<\/em><\/p>\n<p><em><img decoding=\"async\" src=\"https:\/\/os-sradic-im.skole.hr\/wp-content\/uploads\/sites\/1345\/2024\/11\/old-age-360714_960_720-300x205.jpg\" width=\"300\" height=\"205\" alt=\"\" class=\"wp-image-295359 alignnone size-medium\" \/><\/em><\/p>\n<p>[\/et_pb_accordion_item][\/et_pb_accordion][\/et_pb_column][\/et_pb_row][\/et_pb_section]<\/p>\n","protected":false},"excerpt":{"rendered":"<p>U ovo predbo\u017ei\u0107no vrijeme na\u0161a \u0161kola ponovno \u0107e se uklju\u010diti u humanitarnu akciju Antin 13. kojom se poma\u017ee potrebitim obiteljima Imotske krajine. Donirati se mo\u017ee: ulje, bra\u0161no, mlijeko, tjestenina, \u0161e\u0107er, sol, konzerve i ostale nekvarljive namirnice, a u\u010ditelji mogu donirati nov\u010dane priloge. Bilo bi lijepo da u \u0161to ve\u0107em broju podr\u017eimo ovu hvalevrijednu akciju! Svoje [&hellip;]<\/p>\n","protected":false},"author":2840,"featured_media":295359,"comment_status":"closed","ping_status":"closed","sticky":false,"template":"","format":"standard","meta":{"_et_pb_use_builder":"on","_et_pb_old_content":"","_et_gb_content_width":"","footnotes":""},"categories":[48],"tags":[],"class_list":["post-295356","post","type-post","status-publish","format-standard","has-post-thumbnail","hentry","category-naslovnica"],"_links":{"self":[{"href":"https:\/\/os-sradic-im.skole.hr\/index.php?rest_route=\/wp\/v2\/posts\/295356","targetHints":{"allow":["GET"]}}],"collection":[{"href":"https:\/\/os-sradic-im.skole.hr\/index.php?rest_route=\/wp\/v2\/posts"}],"about":[{"href":"https:\/\/os-sradic-im.skole.hr\/index.php?rest_route=\/wp\/v2\/types\/post"}],"author":[{"embeddable":true,"href":"https:\/\/os-sradic-im.skole.hr\/index.php?rest_route=\/wp\/v2\/users\/2840"}],"replies":[{"embeddable":true,"href":"https:\/\/os-sradic-im.skole.hr\/index.php?rest_route=%2Fwp%2Fv2%2Fcomments&post=295356"}],"version-history":[{"count":3,"href":"https:\/\/os-sradic-im.skole.hr\/index.php?rest_route=\/wp\/v2\/posts\/295356\/revisions"}],"predecessor-version":[{"id":295371,"href":"https:\/\/os-sradic-im.skole.hr\/index.php?rest_route=\/wp\/v2\/posts\/295356\/revisions\/295371"}],"wp:featuredmedia":[{"embeddable":true,"href":"https:\/\/os-sradic-im.skole.hr\/index.php?rest_route=\/wp\/v2\/media\/295359"}],"wp:attachment":[{"href":"https:\/\/os-sradic-im.skole.hr\/index.php?rest_route=%2Fwp%2Fv2%2Fmedia&parent=295356"}],"wp:term":[{"taxonomy":"category","embeddable":true,"href":"https:\/\/os-sradic-im.skole.hr\/index.php?rest_route=%2Fwp%2Fv2%2Fcategories&post=295356"},{"taxonomy":"post_tag","embeddable":true,"href":"https:\/\/os-sradic-im.skole.hr\/index.php?rest_route=%2Fwp%2Fv2%2Ftags&post=295356"}],"curies":[{"name":"wp","href":"https:\/\/api.w.org\/{rel}","templated":true}]}}