{"id":295257,"date":"2024-11-19T09:44:02","date_gmt":"2024-11-19T08:44:02","guid":{"rendered":"https:\/\/os-sradic-im.skole.hr\/?p=295257"},"modified":"2024-11-19T09:57:11","modified_gmt":"2024-11-19T08:57:11","slug":"obiljezen-dan-sjecanja","status":"publish","type":"post","link":"https:\/\/os-sradic-im.skole.hr\/?p=295257","title":{"rendered":"Obilje\u017een Dan sje\u0107anja"},"content":{"rendered":"<p>[et_pb_section fb_built=&#8221;1&#8243; _builder_version=&#8221;4.25.0&#8243; _module_preset=&#8221;default&#8221; global_colors_info=&#8221;{}&#8221; theme_builder_area=&#8221;post_content&#8221;][et_pb_row _builder_version=&#8221;4.25.0&#8243; _module_preset=&#8221;default&#8221; global_colors_info=&#8221;{}&#8221; theme_builder_area=&#8221;post_content&#8221;][et_pb_column type=&#8221;4_4&#8243; _builder_version=&#8221;4.25.0&#8243; _module_preset=&#8221;default&#8221; global_colors_info=&#8221;{}&#8221; theme_builder_area=&#8221;post_content&#8221;][et_pb_accordion _builder_version=&#8221;4.25.0&#8243; _module_preset=&#8221;default&#8221; global_colors_info=&#8221;{}&#8221; theme_builder_area=&#8221;post_content&#8221;][et_pb_accordion_item open=&#8221;on&#8221; _builder_version=&#8221;4.25.0&#8243; _module_preset=&#8221;default&#8221; global_colors_info=&#8221;{}&#8221; theme_builder_area=&#8221;post_content&#8221;]<\/p>\n<p>Dana 17. studenoga uo\u010di <strong>Dana sje\u0107anja na \u017ertve Domovinskog rata te Dana sje\u0107anja na \u017ertvu Vukovara i \u0160kabrnje<\/strong> u\u010denici i u\u010ditelji na\u0161e \u0161kole u znak po\u0161tovanja prema svim stradalima upalili su svije\u0107e ulicama grada, stvaraju\u0107i svjetlosni niz koji simbolizira zahvalnost prema onima koji su dali svoje \u017eivote za slobodu Hrvatske.<\/p>\n<p><img decoding=\"async\" src=\"https:\/\/os-sradic-im.skole.hr\/wp-content\/uploads\/sites\/1345\/2024\/11\/InCollage_20241119_085348233-1024x1024.jpg\" width=\"594\" height=\"594\" alt=\"\" class=\"wp-image-295275 alignnone size-large\" style=\"margin-left: auto;margin-right: auto\" \/><\/p>\n<p>Nekoliko na\u0161ih djelatnika oti\u0161lo je u Grad Heroj kako bi sudjelovali u koloni sje\u0107anja kao spomen na 18. studenoga 1991. godine kada je slomljena obrana Vukovara u agresiji biv\u0161e JNA i srpskih paravojnih postrojbi.<\/p>\n<p><img decoding=\"async\" src=\"https:\/\/os-sradic-im.skole.hr\/wp-content\/uploads\/sites\/1345\/2024\/11\/IMG-20241117-WA0000-1024x683.jpg\" width=\"537\" height=\"358\" alt=\"\" class=\"wp-image-295284 alignnone size-large\" \/><\/p>\n<p>Dan sje\u0107anja uvijek je prigoda za trenutak \u00a0zajedni\u010dkog promi\u0161ljanja o vrijednostima poput hrabrosti i \u017ertve za domovinu. U ti\u0161ini i svjetlosti svije\u0107a, odala se po\u010dast svim poginulima, ali i pre\u017eivjelima koji su nam ostavili trajnu lekciju o snazi ljubavi prema domovini.<\/p>\n<p><img decoding=\"async\" src=\"https:\/\/os-sradic-im.skole.hr\/wp-content\/uploads\/sites\/1345\/2024\/11\/InCollage_20241119_090656870-1-1024x1024.jpg\" width=\"543\" height=\"543\" alt=\"\" class=\"wp-image-295272 alignnone size-large\" style=\"margin-left: auto;margin-right: auto\" \/><\/p>\n<p>\u00a0 \u00a0 \u00a0 \u00a0 \u00a0 \u00a0 \u00a0 \u00a0 \u00a0 \u00a0 \u00a0 \u00a0 \u00a0 \u00a0 \u00a0 \u00a0 \u00a0 \u00a0 \u00a0 \u00a0 \u00a0 \u00a0 \u00a0 \u00a0 \u00a0 \u00a0 1.a razred<\/p>\n<p>A da Vukovar \u017eivi u na\u0161im srcima i srcima na\u0161ih u\u010denika, svjedo\u010de njihovi brojni likovni radovi kojima su prikazani simboli Vukovara poput Vodotornja, bijelih kri\u017eeva i plamena svije\u0107a.<\/p>\n<p><img decoding=\"async\" src=\"https:\/\/os-sradic-im.skole.hr\/wp-content\/uploads\/sites\/1345\/2024\/11\/InCollage_20241119_090314832-1024x1024.jpg\" width=\"604\" height=\"604\" alt=\"\" class=\"wp-image-295266 alignnone size-large\" style=\"margin-left: auto;margin-right: auto\" \/><\/p>\n<p>\u00a0 \u00a0 \u00a0 \u00a0 \u00a0 \u00a0 \u00a0 \u00a0 \u00a0 \u00a0 \u00a0 \u00a0 \u00a0 \u00a0 \u00a0 \u00a0 \u00a0 \u00a0 \u00a0 3.b razred<\/p>\n<p><img decoding=\"async\" src=\"https:\/\/os-sradic-im.skole.hr\/wp-content\/uploads\/sites\/1345\/2024\/11\/InCollage_20241119_085926717-1024x1024.jpg\" width=\"497\" height=\"497\" alt=\"\" class=\"wp-image-295263 alignnone size-large\" style=\"margin-left: auto;margin-right: auto\" \/><\/p>\n<p>\u00a0 \u00a0 \u00a0 \u00a0 \u00a0 \u00a0 \u00a0 \u00a0 \u00a0 \u00a0 \u00a0 \u00a0 \u00a0 \u00a0 \u00a0 \u00a0 \u00a0 \u00a0 \u00a0 \u00a0 \u00a0 \u00a0 \u00a03.r P\u0160 Vinjani Donji<\/p>\n<p>[\/et_pb_accordion_item][\/et_pb_accordion][\/et_pb_column][\/et_pb_row][\/et_pb_section]<\/p>\n","protected":false},"excerpt":{"rendered":"<p>Dana 17. studenoga uo\u010di Dana sje\u0107anja na \u017ertve Domovinskog rata te Dana sje\u0107anja na \u017ertvu Vukovara i \u0160kabrnje u\u010denici i u\u010ditelji na\u0161e \u0161kole u znak po\u0161tovanja prema svim stradalima upalili su svije\u0107e ulicama grada, stvaraju\u0107i svjetlosni niz koji simbolizira zahvalnost prema onima koji su dali svoje \u017eivote za slobodu Hrvatske. Nekoliko na\u0161ih djelatnika oti\u0161lo je [&hellip;]<\/p>\n","protected":false},"author":2840,"featured_media":295278,"comment_status":"closed","ping_status":"closed","sticky":false,"template":"","format":"standard","meta":{"_et_pb_use_builder":"on","_et_pb_old_content":"","_et_gb_content_width":"","footnotes":""},"categories":[48],"tags":[],"class_list":["post-295257","post","type-post","status-publish","format-standard","has-post-thumbnail","hentry","category-naslovnica"],"_links":{"self":[{"href":"https:\/\/os-sradic-im.skole.hr\/index.php?rest_route=\/wp\/v2\/posts\/295257","targetHints":{"allow":["GET"]}}],"collection":[{"href":"https:\/\/os-sradic-im.skole.hr\/index.php?rest_route=\/wp\/v2\/posts"}],"about":[{"href":"https:\/\/os-sradic-im.skole.hr\/index.php?rest_route=\/wp\/v2\/types\/post"}],"author":[{"embeddable":true,"href":"https:\/\/os-sradic-im.skole.hr\/index.php?rest_route=\/wp\/v2\/users\/2840"}],"replies":[{"embeddable":true,"href":"https:\/\/os-sradic-im.skole.hr\/index.php?rest_route=%2Fwp%2Fv2%2Fcomments&post=295257"}],"version-history":[{"count":4,"href":"https:\/\/os-sradic-im.skole.hr\/index.php?rest_route=\/wp\/v2\/posts\/295257\/revisions"}],"predecessor-version":[{"id":295293,"href":"https:\/\/os-sradic-im.skole.hr\/index.php?rest_route=\/wp\/v2\/posts\/295257\/revisions\/295293"}],"wp:featuredmedia":[{"embeddable":true,"href":"https:\/\/os-sradic-im.skole.hr\/index.php?rest_route=\/wp\/v2\/media\/295278"}],"wp:attachment":[{"href":"https:\/\/os-sradic-im.skole.hr\/index.php?rest_route=%2Fwp%2Fv2%2Fmedia&parent=295257"}],"wp:term":[{"taxonomy":"category","embeddable":true,"href":"https:\/\/os-sradic-im.skole.hr\/index.php?rest_route=%2Fwp%2Fv2%2Fcategories&post=295257"},{"taxonomy":"post_tag","embeddable":true,"href":"https:\/\/os-sradic-im.skole.hr\/index.php?rest_route=%2Fwp%2Fv2%2Ftags&post=295257"}],"curies":[{"name":"wp","href":"https:\/\/api.w.org\/{rel}","templated":true}]}}