{"id":295239,"date":"2024-11-15T11:39:36","date_gmt":"2024-11-15T10:39:36","guid":{"rendered":"https:\/\/os-sradic-im.skole.hr\/?p=295239"},"modified":"2024-11-15T11:41:47","modified_gmt":"2024-11-15T10:41:47","slug":"obavijest-2","status":"publish","type":"post","link":"https:\/\/os-sradic-im.skole.hr\/?p=295239","title":{"rendered":"Obavijest"},"content":{"rendered":"\n[et_pb_section fb_built=&#8221;1&#8243; theme_builder_area=&#8221;post_content&#8221; _builder_version=&#8221;4.25.0&#8243; _module_preset=&#8221;default&#8221;][et_pb_row _builder_version=&#8221;4.25.0&#8243; _module_preset=&#8221;default&#8221; theme_builder_area=&#8221;post_content&#8221;][et_pb_column _builder_version=&#8221;4.25.0&#8243; _module_preset=&#8221;default&#8221; type=&#8221;4_4&#8243; theme_builder_area=&#8221;post_content&#8221;][et_pb_accordion _builder_version=&#8221;4.25.0&#8243; _module_preset=&#8221;default&#8221; theme_builder_area=&#8221;post_content&#8221; hover_enabled=&#8221;0&#8243; sticky_enabled=&#8221;0&#8243;][et_pb_accordion_item _builder_version=&#8221;4.25.0&#8243; _module_preset=&#8221;default&#8221; theme_builder_area=&#8221;post_content&#8221; open=&#8221;on&#8221; hover_enabled=&#8221;0&#8243; sticky_enabled=&#8221;0&#8243;]<p>Dana 18. studenoga 2024. dr\u017eavni je praznik kojim obilje\u017eavamo <strong>Dan sje\u0107anja na \u017ertve Domovinskog rata i Dan sje\u0107anja na \u017ertvu Vukovara i \u0160kabrnje<\/strong>.<\/p>\n<p>Na\u0161a \u0107e \u0160kola i ove godine paljenjem svije\u0107a gradskim ulicama odati po\u010dast svim \u017ertvama Domovinskog rata<strong>. <\/strong>U nedjelju (<strong>17. studenoga 2024.<\/strong>) molimo u\u010ditelje\/ice, a posebno razrednike\/ce da u <strong>16:30 sati <\/strong>do\u0111u sa svojim u\u010denicima ispred zgrade na\u0161e \u0161kole i preuzmu svije\u0107e koje je donirao <strong>Grad Imotski<\/strong>. Tako\u0111er, u\u010denici koji imaju \u017eelju i mogu\u0107nost sa svojim roditeljima kupiti svije\u0107e, mogu ih ponijeti sa sobom.<\/p>\n<p>U\u010denici i u\u010ditelji \u0107e kao i dosada\u0161njih godina svije\u0107e paliti putem od na\u0161e \u0161kole prema <strong>trgu pored spomenika Tina Ujevi\u0107a<\/strong>. Nakon toga,\u00a0 s ostatkom svije\u0107a uputit \u0107e se skalinima do <strong>Spomenika poginulim braniteljima na Topani<\/strong> gdje \u0107e polo\u017eiti cvije\u0107e i upaliti svije\u0107u te prema <strong>muralu Velimira \u0110ereka &#8211; Sokola<\/strong>.<\/p>\n<p><em>Molimo u\u010denike da dostojanstveno i u ti\u0161ini sudjeluju u odavanju po\u010dasti svim \u017ertvama Domovinskog rata.<\/em>\u00a0 \u00a0 \u00a0 \u00a0 \u00a0 \u00a0 \u00a0 \u00a0 \u00a0 \u00a0 \u00a0 \u00a0 \u00a0 \u00a0 \u00a0 \u00a0 \u00a0 \u00a0 \u00a0 \u00a0 \u00a0 \u00a0 \u00a0 \u00a0 \u00a0 \u00a0 \u00a0 \u00a0 \u00a0 \u00a0 \u00a0 \u00a0 \u00a0 \u00a0 \u00a0 \u00a0 \u00a0 \u00a0 \u00a0 \u00a0 \u00a0 \u00a0 \u00a0 \u00a0 \u00a0 \u00a0 \u00a0 \u00a0 \u00a0 \u00a0 \u00a0 \u00a0 \u00a0 \u00a0 \u00a0 \u00a0 \u00a0 \u00a0 \u00a0 \u00a0 \u00a0 \u00a0 \u00a0 \u00a0 \u00a0 \u00a0 \u00a0 \u00a0 \u00a0 \u00a0 \u00a0 \u00a0 \u00a0 \u00a0 \u00a0 \u00a0 \u00a0 \u00a0 \u00a0 \u00a0 \u00a0 \u00a0 \u00a0 \u00a0 \u00a0 \u00a0 \u00a0 \u00a0 \u00a0 \u00a0 \u00a0 \u00a0 \u00a0 \u00a0 \u00a0 \u00a0 \u00a0 \u00a0 \u00a0 \u00a0 \u00a0 \u00a0 \u00a0 \u00a0 Marko Mende\u0161, ravnatelj<\/p>\n<p>&nbsp;<\/p>[\/et_pb_accordion_item][\/et_pb_accordion][\/et_pb_column][\/et_pb_row][\/et_pb_section]\n","protected":false},"excerpt":{"rendered":"<p>Dana 18. studenoga 2024. dr\u017eavni je praznik kojim obilje\u017eavamo Dan sje\u0107anja na \u017ertve Domovinskog rata i Dan sje\u0107anja na \u017ertvu Vukovara i \u0160kabrnje. Na\u0161a \u0107e \u0160kola i ove godine paljenjem svije\u0107a gradskim ulicama odati po\u010dast svim \u017ertvama Domovinskog rata. U nedjelju (17. studenoga 2024.) molimo u\u010ditelje\/ice, a posebno razrednike\/ce da u 16:30 sati do\u0111u sa [&hellip;]<\/p>\n","protected":false},"author":2840,"featured_media":0,"comment_status":"closed","ping_status":"closed","sticky":false,"template":"","format":"standard","meta":{"_et_pb_use_builder":"on","_et_pb_old_content":"","_et_gb_content_width":"","footnotes":""},"categories":[48],"tags":[],"class_list":["post-295239","post","type-post","status-publish","format-standard","hentry","category-naslovnica"],"_links":{"self":[{"href":"https:\/\/os-sradic-im.skole.hr\/index.php?rest_route=\/wp\/v2\/posts\/295239","targetHints":{"allow":["GET"]}}],"collection":[{"href":"https:\/\/os-sradic-im.skole.hr\/index.php?rest_route=\/wp\/v2\/posts"}],"about":[{"href":"https:\/\/os-sradic-im.skole.hr\/index.php?rest_route=\/wp\/v2\/types\/post"}],"author":[{"embeddable":true,"href":"https:\/\/os-sradic-im.skole.hr\/index.php?rest_route=\/wp\/v2\/users\/2840"}],"replies":[{"embeddable":true,"href":"https:\/\/os-sradic-im.skole.hr\/index.php?rest_route=%2Fwp%2Fv2%2Fcomments&post=295239"}],"version-history":[{"count":3,"href":"https:\/\/os-sradic-im.skole.hr\/index.php?rest_route=\/wp\/v2\/posts\/295239\/revisions"}],"predecessor-version":[{"id":295254,"href":"https:\/\/os-sradic-im.skole.hr\/index.php?rest_route=\/wp\/v2\/posts\/295239\/revisions\/295254"}],"wp:attachment":[{"href":"https:\/\/os-sradic-im.skole.hr\/index.php?rest_route=%2Fwp%2Fv2%2Fmedia&parent=295239"}],"wp:term":[{"taxonomy":"category","embeddable":true,"href":"https:\/\/os-sradic-im.skole.hr\/index.php?rest_route=%2Fwp%2Fv2%2Fcategories&post=295239"},{"taxonomy":"post_tag","embeddable":true,"href":"https:\/\/os-sradic-im.skole.hr\/index.php?rest_route=%2Fwp%2Fv2%2Ftags&post=295239"}],"curies":[{"name":"wp","href":"https:\/\/api.w.org\/{rel}","templated":true}]}}