{"id":295074,"date":"2024-11-07T13:13:18","date_gmt":"2024-11-07T12:13:18","guid":{"rendered":"https:\/\/os-sradic-im.skole.hr\/?p=295074"},"modified":"2024-11-07T13:13:18","modified_gmt":"2024-11-07T12:13:18","slug":"radionica-pletenja-i-sivanja","status":"publish","type":"post","link":"https:\/\/os-sradic-im.skole.hr\/?p=295074","title":{"rendered":"Radionica pletenja i \u0161ivanja"},"content":{"rendered":"<p>[et_pb_section fb_built=&#8221;1&#8243; theme_builder_area=&#8221;post_content&#8221; _builder_version=&#8221;4.25.0&#8243; _module_preset=&#8221;default&#8221;][et_pb_row _builder_version=&#8221;4.25.0&#8243; _module_preset=&#8221;default&#8221; theme_builder_area=&#8221;post_content&#8221;][et_pb_column _builder_version=&#8221;4.25.0&#8243; _module_preset=&#8221;default&#8221; type=&#8221;4_4&#8243; theme_builder_area=&#8221;post_content&#8221;][et_pb_accordion _builder_version=&#8221;4.25.0&#8243; _module_preset=&#8221;default&#8221; theme_builder_area=&#8221;post_content&#8221; hover_enabled=&#8221;0&#8243; sticky_enabled=&#8221;0&#8243;][et_pb_accordion_item _builder_version=&#8221;4.25.0&#8243; _module_preset=&#8221;default&#8221; theme_builder_area=&#8221;post_content&#8221; open=&#8221;on&#8221; hover_enabled=&#8221;0&#8243; sticky_enabled=&#8221;0&#8243;]<\/p>\n<p>\u00a0U utorak 5. studenoga 2024. u 16:30 sati u prostorima na\u0161e \u0160kole odr\u017eala se prva u nizu radionica \u0161ivanja i pletenja<br \/>u suradnji s Udrugom umirovljenika. Interes u\u010denika bio je velik, a u\u010denici su imali priliku u\u010diti osnove \u0161ivanja i pletenja, dok su im iskusne voditeljice pokazivale tehnike i strpljivo dijelile savjete ste\u010dene dugogodi\u0161njim radom. Radionica je potaknula me\u0111ugeneracijsko povezivanje, te nau\u010dila u\u010denike korisnim vje\u0161tinama, a ve\u0107 je dogovorena i idu\u0107a radionica.<\/p>\n<p><img decoding=\"async\" src=\"https:\/\/os-sradic-im.skole.hr\/wp-content\/uploads\/sites\/1345\/2024\/11\/GridArt_20241107_130627526-1024x1024.jpg\" width=\"652\" height=\"652\" alt=\"\" class=\"wp-image-295083 alignnone size-large\" style=\"margin-left: auto;margin-right: auto\" \/><\/p>\n<p>[\/et_pb_accordion_item][\/et_pb_accordion][\/et_pb_column][\/et_pb_row][\/et_pb_section]<\/p>\n","protected":false},"excerpt":{"rendered":"<p>\u00a0U utorak 5. studenoga 2024. u 16:30 sati u prostorima na\u0161e \u0160kole odr\u017eala se prva u nizu radionica \u0161ivanja i pletenjau suradnji s Udrugom umirovljenika. Interes u\u010denika bio je velik, a u\u010denici su imali priliku u\u010diti osnove \u0161ivanja i pletenja, dok su im iskusne voditeljice pokazivale tehnike i strpljivo dijelile savjete ste\u010dene dugogodi\u0161njim radom. Radionica [&hellip;]<\/p>\n","protected":false},"author":2840,"featured_media":0,"comment_status":"closed","ping_status":"closed","sticky":false,"template":"","format":"standard","meta":{"_et_pb_use_builder":"on","_et_pb_old_content":"","_et_gb_content_width":"","footnotes":""},"categories":[48],"tags":[],"class_list":["post-295074","post","type-post","status-publish","format-standard","hentry","category-naslovnica"],"_links":{"self":[{"href":"https:\/\/os-sradic-im.skole.hr\/index.php?rest_route=\/wp\/v2\/posts\/295074","targetHints":{"allow":["GET"]}}],"collection":[{"href":"https:\/\/os-sradic-im.skole.hr\/index.php?rest_route=\/wp\/v2\/posts"}],"about":[{"href":"https:\/\/os-sradic-im.skole.hr\/index.php?rest_route=\/wp\/v2\/types\/post"}],"author":[{"embeddable":true,"href":"https:\/\/os-sradic-im.skole.hr\/index.php?rest_route=\/wp\/v2\/users\/2840"}],"replies":[{"embeddable":true,"href":"https:\/\/os-sradic-im.skole.hr\/index.php?rest_route=%2Fwp%2Fv2%2Fcomments&post=295074"}],"version-history":[{"count":2,"href":"https:\/\/os-sradic-im.skole.hr\/index.php?rest_route=\/wp\/v2\/posts\/295074\/revisions"}],"predecessor-version":[{"id":295086,"href":"https:\/\/os-sradic-im.skole.hr\/index.php?rest_route=\/wp\/v2\/posts\/295074\/revisions\/295086"}],"wp:attachment":[{"href":"https:\/\/os-sradic-im.skole.hr\/index.php?rest_route=%2Fwp%2Fv2%2Fmedia&parent=295074"}],"wp:term":[{"taxonomy":"category","embeddable":true,"href":"https:\/\/os-sradic-im.skole.hr\/index.php?rest_route=%2Fwp%2Fv2%2Fcategories&post=295074"},{"taxonomy":"post_tag","embeddable":true,"href":"https:\/\/os-sradic-im.skole.hr\/index.php?rest_route=%2Fwp%2Fv2%2Ftags&post=295074"}],"curies":[{"name":"wp","href":"https:\/\/api.w.org\/{rel}","templated":true}]}}