{"id":295032,"date":"2024-11-05T10:38:55","date_gmt":"2024-11-05T09:38:55","guid":{"rendered":"https:\/\/os-sradic-im.skole.hr\/?p=295032"},"modified":"2024-11-05T10:38:55","modified_gmt":"2024-11-05T09:38:55","slug":"program-sigurnosti-u-prometu","status":"publish","type":"post","link":"https:\/\/os-sradic-im.skole.hr\/?p=295032","title":{"rendered":"Program sigurnosti u prometu"},"content":{"rendered":"<p>[et_pb_section fb_built=&#8221;1&#8243; theme_builder_area=&#8221;post_content&#8221; _builder_version=&#8221;4.25.0&#8243; _module_preset=&#8221;default&#8221;][et_pb_row _builder_version=&#8221;4.25.0&#8243; _module_preset=&#8221;default&#8221; theme_builder_area=&#8221;post_content&#8221;][et_pb_column _builder_version=&#8221;4.25.0&#8243; _module_preset=&#8221;default&#8221; type=&#8221;4_4&#8243; theme_builder_area=&#8221;post_content&#8221;][et_pb_accordion _builder_version=&#8221;4.25.0&#8243; _module_preset=&#8221;default&#8221; theme_builder_area=&#8221;post_content&#8221; hover_enabled=&#8221;0&#8243; sticky_enabled=&#8221;0&#8243;][et_pb_accordion_item _builder_version=&#8221;4.25.0&#8243; _module_preset=&#8221;default&#8221; theme_builder_area=&#8221;post_content&#8221; open=&#8221;on&#8221; hover_enabled=&#8221;0&#8243; sticky_enabled=&#8221;0&#8243;]<\/p>\n<p>U\u010denici \u010detvrtih razreda mati\u010dne i podru\u010dnih \u0161kola zajedno sa svojim u\u010diteljima sudjelovali su u prometno \u2013 preventivnoj edukaciji na prometnom poligonu \u201eAK Split\u201c.\u00a0 Taj program provodi Odbor za sigurnost Splitsko \u2013 dalmatinske \u017eupanije u suradnji s HAK- om.<\/p>\n<p>Na prometnom poligonu u\u010denici su imali priliku vidjeti svu potrebnu prometnu signalizaciju i infrastrukturu koja omogu\u0107uje obuku djece iz prometnih propisa i sigurnosnih pravila.<\/p>\n<p>Na po\u010detku edukacije u\u010denici su imali predavanje kako se treba pona\u0161ati u prometu. Zatim je slijedio prakti\u010dni dio koji se izvodi na samom poligonu (pje\u0161aci i biciklisti) gdje su u\u010denici kao sudionici prometa u realnom i sigurnom okru\u017eenju primjenjivali ste\u010dena znanja iz prometne kulture i prometnih propisa kako bi se postigla vi\u0161a razina sigurnosti u prometu.<\/p>\n<p><img decoding=\"async\" src=\"https:\/\/os-sradic-im.skole.hr\/wp-content\/uploads\/sites\/1345\/2024\/11\/IMG-20241105-WA0010-1024x1024.jpg\" width=\"1024\" height=\"1024\" alt=\"\" class=\"wp-image-295038 alignnone size-large\" srcset=\"https:\/\/os-sradic-im.skole.hr\/wp-content\/uploads\/sites\/1345\/2024\/11\/IMG-20241105-WA0010-1024x1024.jpg 1024w, https:\/\/os-sradic-im.skole.hr\/wp-content\/uploads\/sites\/1345\/2024\/11\/IMG-20241105-WA0010-980x980.jpg 980w, https:\/\/os-sradic-im.skole.hr\/wp-content\/uploads\/sites\/1345\/2024\/11\/IMG-20241105-WA0010-480x480.jpg 480w\" sizes=\"(min-width: 0px) and (max-width: 480px) 480px, (min-width: 481px) and (max-width: 980px) 980px, (min-width: 981px) 1024px, 100vw\" \/><\/p>\n<p>[\/et_pb_accordion_item][\/et_pb_accordion][\/et_pb_column][\/et_pb_row][\/et_pb_section]<\/p>\n","protected":false},"excerpt":{"rendered":"<p>U\u010denici \u010detvrtih razreda mati\u010dne i podru\u010dnih \u0161kola zajedno sa svojim u\u010diteljima sudjelovali su u prometno \u2013 preventivnoj edukaciji na prometnom poligonu \u201eAK Split\u201c.\u00a0 Taj program provodi Odbor za sigurnost Splitsko \u2013 dalmatinske \u017eupanije u suradnji s HAK- om. Na prometnom poligonu u\u010denici su imali priliku vidjeti svu potrebnu prometnu signalizaciju i infrastrukturu koja omogu\u0107uje obuku [&hellip;]<\/p>\n","protected":false},"author":2840,"featured_media":295035,"comment_status":"closed","ping_status":"closed","sticky":false,"template":"","format":"standard","meta":{"_et_pb_use_builder":"on","_et_pb_old_content":"","_et_gb_content_width":"","footnotes":""},"categories":[48],"tags":[],"class_list":["post-295032","post","type-post","status-publish","format-standard","has-post-thumbnail","hentry","category-naslovnica"],"_links":{"self":[{"href":"https:\/\/os-sradic-im.skole.hr\/index.php?rest_route=\/wp\/v2\/posts\/295032","targetHints":{"allow":["GET"]}}],"collection":[{"href":"https:\/\/os-sradic-im.skole.hr\/index.php?rest_route=\/wp\/v2\/posts"}],"about":[{"href":"https:\/\/os-sradic-im.skole.hr\/index.php?rest_route=\/wp\/v2\/types\/post"}],"author":[{"embeddable":true,"href":"https:\/\/os-sradic-im.skole.hr\/index.php?rest_route=\/wp\/v2\/users\/2840"}],"replies":[{"embeddable":true,"href":"https:\/\/os-sradic-im.skole.hr\/index.php?rest_route=%2Fwp%2Fv2%2Fcomments&post=295032"}],"version-history":[{"count":2,"href":"https:\/\/os-sradic-im.skole.hr\/index.php?rest_route=\/wp\/v2\/posts\/295032\/revisions"}],"predecessor-version":[{"id":295047,"href":"https:\/\/os-sradic-im.skole.hr\/index.php?rest_route=\/wp\/v2\/posts\/295032\/revisions\/295047"}],"wp:featuredmedia":[{"embeddable":true,"href":"https:\/\/os-sradic-im.skole.hr\/index.php?rest_route=\/wp\/v2\/media\/295035"}],"wp:attachment":[{"href":"https:\/\/os-sradic-im.skole.hr\/index.php?rest_route=%2Fwp%2Fv2%2Fmedia&parent=295032"}],"wp:term":[{"taxonomy":"category","embeddable":true,"href":"https:\/\/os-sradic-im.skole.hr\/index.php?rest_route=%2Fwp%2Fv2%2Fcategories&post=295032"},{"taxonomy":"post_tag","embeddable":true,"href":"https:\/\/os-sradic-im.skole.hr\/index.php?rest_route=%2Fwp%2Fv2%2Ftags&post=295032"}],"curies":[{"name":"wp","href":"https:\/\/api.w.org\/{rel}","templated":true}]}}