{"id":294924,"date":"2024-11-04T10:26:12","date_gmt":"2024-11-04T09:26:12","guid":{"rendered":"https:\/\/os-sradic-im.skole.hr\/?p=294924"},"modified":"2024-11-04T10:26:12","modified_gmt":"2024-11-04T09:26:12","slug":"obavijest-o-zabrani-parkiranja-u-ulici-fra-stjepana-vrljica-izmedu-osnovnih-skola","status":"publish","type":"post","link":"https:\/\/os-sradic-im.skole.hr\/?p=294924","title":{"rendered":"OBAVIJEST O ZABRANI PARKIRANJA U ULICI FRA STJEPANA VRLJI\u0106A IZME\u0110U OSNOVNIH \u0160KOLA"},"content":{"rendered":"<p>[et_pb_section fb_built=&#8221;1&#8243; theme_builder_area=&#8221;post_content&#8221; _builder_version=&#8221;4.25.0&#8243; _module_preset=&#8221;default&#8221;][et_pb_row _builder_version=&#8221;4.25.0&#8243; _module_preset=&#8221;default&#8221; theme_builder_area=&#8221;post_content&#8221;][et_pb_column _builder_version=&#8221;4.25.0&#8243; _module_preset=&#8221;default&#8221; type=&#8221;4_4&#8243; theme_builder_area=&#8221;post_content&#8221;][et_pb_accordion _builder_version=&#8221;4.25.0&#8243; _module_preset=&#8221;default&#8221; theme_builder_area=&#8221;post_content&#8221; hover_enabled=&#8221;0&#8243; sticky_enabled=&#8221;0&#8243;][et_pb_accordion_item _builder_version=&#8221;4.25.0&#8243; _module_preset=&#8221;default&#8221; theme_builder_area=&#8221;post_content&#8221; open=&#8221;on&#8221; hover_enabled=&#8221;0&#8243; sticky_enabled=&#8221;0&#8243;]<\/p>\n<p>Obavje\u0161tavamo roditelje u\u010denika i sve gra\u0111ane koji parkiraju svoja vozila u ulici izme\u0111u dviju osnovnih \u0161kola (posebno za vrijeme nastave) da \u0107e se ka\u017enjavati svako parkiranje bez posebne dozvole. Pravo pristupa imaju isklju\u010divo djelatnici \u0161kola te roditelji djece s te\u0161ko\u0107ama u razvoju.<\/p>\n<p>[\/et_pb_accordion_item][\/et_pb_accordion][\/et_pb_column][\/et_pb_row][\/et_pb_section]<\/p>\n","protected":false},"excerpt":{"rendered":"<p>Obavje\u0161tavamo roditelje u\u010denika i sve gra\u0111ane koji parkiraju svoja vozila u ulici izme\u0111u dviju osnovnih \u0161kola (posebno za vrijeme nastave) da \u0107e se ka\u017enjavati svako parkiranje bez posebne dozvole. Pravo pristupa imaju isklju\u010divo djelatnici \u0161kola te roditelji djece s te\u0161ko\u0107ama u razvoju.<\/p>\n","protected":false},"author":2840,"featured_media":294927,"comment_status":"closed","ping_status":"closed","sticky":false,"template":"","format":"standard","meta":{"_et_pb_use_builder":"on","_et_pb_old_content":"","_et_gb_content_width":"","footnotes":""},"categories":[48],"tags":[],"class_list":["post-294924","post","type-post","status-publish","format-standard","has-post-thumbnail","hentry","category-naslovnica"],"_links":{"self":[{"href":"https:\/\/os-sradic-im.skole.hr\/index.php?rest_route=\/wp\/v2\/posts\/294924","targetHints":{"allow":["GET"]}}],"collection":[{"href":"https:\/\/os-sradic-im.skole.hr\/index.php?rest_route=\/wp\/v2\/posts"}],"about":[{"href":"https:\/\/os-sradic-im.skole.hr\/index.php?rest_route=\/wp\/v2\/types\/post"}],"author":[{"embeddable":true,"href":"https:\/\/os-sradic-im.skole.hr\/index.php?rest_route=\/wp\/v2\/users\/2840"}],"replies":[{"embeddable":true,"href":"https:\/\/os-sradic-im.skole.hr\/index.php?rest_route=%2Fwp%2Fv2%2Fcomments&post=294924"}],"version-history":[{"count":3,"href":"https:\/\/os-sradic-im.skole.hr\/index.php?rest_route=\/wp\/v2\/posts\/294924\/revisions"}],"predecessor-version":[{"id":294939,"href":"https:\/\/os-sradic-im.skole.hr\/index.php?rest_route=\/wp\/v2\/posts\/294924\/revisions\/294939"}],"wp:featuredmedia":[{"embeddable":true,"href":"https:\/\/os-sradic-im.skole.hr\/index.php?rest_route=\/wp\/v2\/media\/294927"}],"wp:attachment":[{"href":"https:\/\/os-sradic-im.skole.hr\/index.php?rest_route=%2Fwp%2Fv2%2Fmedia&parent=294924"}],"wp:term":[{"taxonomy":"category","embeddable":true,"href":"https:\/\/os-sradic-im.skole.hr\/index.php?rest_route=%2Fwp%2Fv2%2Fcategories&post=294924"},{"taxonomy":"post_tag","embeddable":true,"href":"https:\/\/os-sradic-im.skole.hr\/index.php?rest_route=%2Fwp%2Fv2%2Ftags&post=294924"}],"curies":[{"name":"wp","href":"https:\/\/api.w.org\/{rel}","templated":true}]}}