{"id":294885,"date":"2024-11-04T09:48:56","date_gmt":"2024-11-04T08:48:56","guid":{"rendered":"https:\/\/os-sradic-im.skole.hr\/?p=294885"},"modified":"2024-11-05T09:42:14","modified_gmt":"2024-11-05T08:42:14","slug":"posjet-groblju-gospe-od-andela","status":"publish","type":"post","link":"https:\/\/os-sradic-im.skole.hr\/?p=294885","title":{"rendered":"Posjet groblju Gospe od An\u0111ela"},"content":{"rendered":"<p>[et_pb_section fb_built=&#8221;1&#8243; _builder_version=&#8221;4.25.0&#8243; _module_preset=&#8221;default&#8221; global_colors_info=&#8221;{}&#8221; theme_builder_area=&#8221;post_content&#8221;][et_pb_row _builder_version=&#8221;4.25.0&#8243; _module_preset=&#8221;default&#8221; global_colors_info=&#8221;{}&#8221; theme_builder_area=&#8221;post_content&#8221;][et_pb_column type=&#8221;4_4&#8243; _builder_version=&#8221;4.25.0&#8243; _module_preset=&#8221;default&#8221; global_colors_info=&#8221;{}&#8221; theme_builder_area=&#8221;post_content&#8221;][et_pb_accordion _builder_version=&#8221;4.25.0&#8243; _module_preset=&#8221;default&#8221; hover_enabled=&#8221;0&#8243; global_colors_info=&#8221;{}&#8221; theme_builder_area=&#8221;post_content&#8221; sticky_enabled=&#8221;0&#8243;][et_pb_accordion_item open=&#8221;on&#8221; _builder_version=&#8221;4.25.0&#8243; _module_preset=&#8221;default&#8221; hover_enabled=&#8221;0&#8243; global_colors_info=&#8221;{}&#8221; theme_builder_area=&#8221;post_content&#8221; sticky_enabled=&#8221;0&#8243;]<\/p>\n<p>U\u010denici razredne nastave sa svojim su u\u010diteljicama i vjerou\u010diteljima posjetili gradsko groblje Gospe od An\u0111ela povodom blagdana Svih svetih. Pomolili su se na groblju i zapalili svije\u0107e za sve svoje bliske i drage ljude koji vi\u0161e nisu tu.<\/p>\n<p><img decoding=\"async\" src=\"https:\/\/os-sradic-im.skole.hr\/wp-content\/uploads\/sites\/1345\/2024\/11\/IMG-20241104-WA0010-1-972x1024.jpg\" width=\"375\" height=\"395\" alt=\"\" class=\"wp-image-295005 alignnone size-large\" style=\"margin-left: auto;margin-right: auto\" \/><\/p>\n<p><img decoding=\"async\" src=\"https:\/\/os-sradic-im.skole.hr\/wp-content\/uploads\/sites\/1345\/2024\/11\/IMG-20241104-WA0009-1-1024x768.jpg\" width=\"662\" height=\"497\" alt=\"\" class=\"wp-image-295008 alignnone size-large\" style=\"margin-left: auto;margin-right: auto\" \/><\/p>\n<p><img decoding=\"async\" src=\"https:\/\/os-sradic-im.skole.hr\/wp-content\/uploads\/sites\/1345\/2024\/11\/GridArt_20241104_092230035-1024x1024.jpg\" width=\"510\" height=\"510\" alt=\"\" class=\"wp-image-294909 alignnone size-large\" style=\"margin-left: auto;margin-right: auto\" \/><\/p>\n<p><img decoding=\"async\" src=\"https:\/\/os-sradic-im.skole.hr\/wp-content\/uploads\/sites\/1345\/2024\/11\/GROBLJE.jpg\" width=\"500\" height=\"500\" alt=\"\" class=\"wp-image-294903 alignnone size-full\" srcset=\"https:\/\/os-sradic-im.skole.hr\/wp-content\/uploads\/sites\/1345\/2024\/11\/GROBLJE.jpg 500w, https:\/\/os-sradic-im.skole.hr\/wp-content\/uploads\/sites\/1345\/2024\/11\/GROBLJE-480x480.jpg 480w\" sizes=\"(min-width: 0px) and (max-width: 480px) 480px, (min-width: 481px) 500px, 100vw\" \/><\/p>\n<p><img decoding=\"async\" src=\"https:\/\/os-sradic-im.skole.hr\/wp-content\/uploads\/sites\/1345\/2024\/11\/20241030_081903-1024x1024.jpg\" width=\"544\" height=\"544\" alt=\"\" class=\"wp-image-294891 alignnone size-large\" style=\"float: right\" \/><\/p>\n<p><img decoding=\"async\" src=\"https:\/\/os-sradic-im.skole.hr\/wp-content\/uploads\/sites\/1345\/2024\/11\/20241031_101625-1024x768.jpg\" width=\"489\" height=\"367\" alt=\"\" class=\"wp-image-294996 alignnone size-large\" \/><\/p>\n<p><img decoding=\"async\" src=\"https:\/\/os-sradic-im.skole.hr\/wp-content\/uploads\/sites\/1345\/2024\/11\/20241031_100827-1024x768.jpg\" width=\"544\" height=\"408\" alt=\"\" class=\"wp-image-294999 alignnone size-large\" style=\"margin-left: auto;margin-right: auto\" \/><\/p>\n<p>&nbsp;<\/p>\n<p>[\/et_pb_accordion_item][\/et_pb_accordion][\/et_pb_column][\/et_pb_row][\/et_pb_section]<\/p>\n","protected":false},"excerpt":{"rendered":"<p>U\u010denici razredne nastave sa svojim su u\u010diteljicama i vjerou\u010diteljima posjetili gradsko groblje Gospe od An\u0111ela povodom blagdana Svih svetih. Pomolili su se na groblju i zapalili svije\u0107e za sve svoje bliske i drage ljude koji vi\u0161e nisu tu. &nbsp;<\/p>\n","protected":false},"author":2840,"featured_media":294900,"comment_status":"closed","ping_status":"closed","sticky":false,"template":"","format":"standard","meta":{"_et_pb_use_builder":"on","_et_pb_old_content":"","_et_gb_content_width":"","footnotes":""},"categories":[48],"tags":[],"class_list":["post-294885","post","type-post","status-publish","format-standard","has-post-thumbnail","hentry","category-naslovnica"],"_links":{"self":[{"href":"https:\/\/os-sradic-im.skole.hr\/index.php?rest_route=\/wp\/v2\/posts\/294885","targetHints":{"allow":["GET"]}}],"collection":[{"href":"https:\/\/os-sradic-im.skole.hr\/index.php?rest_route=\/wp\/v2\/posts"}],"about":[{"href":"https:\/\/os-sradic-im.skole.hr\/index.php?rest_route=\/wp\/v2\/types\/post"}],"author":[{"embeddable":true,"href":"https:\/\/os-sradic-im.skole.hr\/index.php?rest_route=\/wp\/v2\/users\/2840"}],"replies":[{"embeddable":true,"href":"https:\/\/os-sradic-im.skole.hr\/index.php?rest_route=%2Fwp%2Fv2%2Fcomments&post=294885"}],"version-history":[{"count":6,"href":"https:\/\/os-sradic-im.skole.hr\/index.php?rest_route=\/wp\/v2\/posts\/294885\/revisions"}],"predecessor-version":[{"id":295020,"href":"https:\/\/os-sradic-im.skole.hr\/index.php?rest_route=\/wp\/v2\/posts\/294885\/revisions\/295020"}],"wp:featuredmedia":[{"embeddable":true,"href":"https:\/\/os-sradic-im.skole.hr\/index.php?rest_route=\/wp\/v2\/media\/294900"}],"wp:attachment":[{"href":"https:\/\/os-sradic-im.skole.hr\/index.php?rest_route=%2Fwp%2Fv2%2Fmedia&parent=294885"}],"wp:term":[{"taxonomy":"category","embeddable":true,"href":"https:\/\/os-sradic-im.skole.hr\/index.php?rest_route=%2Fwp%2Fv2%2Fcategories&post=294885"},{"taxonomy":"post_tag","embeddable":true,"href":"https:\/\/os-sradic-im.skole.hr\/index.php?rest_route=%2Fwp%2Fv2%2Ftags&post=294885"}],"curies":[{"name":"wp","href":"https:\/\/api.w.org\/{rel}","templated":true}]}}