{"id":294783,"date":"2024-10-25T10:13:51","date_gmt":"2024-10-25T08:13:51","guid":{"rendered":"https:\/\/os-sradic-im.skole.hr\/?p=294783"},"modified":"2024-10-25T10:13:51","modified_gmt":"2024-10-25T08:13:51","slug":"svjetski-dan-jabuka","status":"publish","type":"post","link":"https:\/\/os-sradic-im.skole.hr\/?p=294783","title":{"rendered":"Svjetski dan jabuka"},"content":{"rendered":"<p>[et_pb_section fb_built=&#8221;1&#8243; theme_builder_area=&#8221;post_content&#8221; _builder_version=&#8221;4.25.0&#8243; _module_preset=&#8221;default&#8221;][et_pb_row _builder_version=&#8221;4.25.0&#8243; _module_preset=&#8221;default&#8221; theme_builder_area=&#8221;post_content&#8221;][et_pb_column _builder_version=&#8221;4.25.0&#8243; _module_preset=&#8221;default&#8221; type=&#8221;4_4&#8243; theme_builder_area=&#8221;post_content&#8221;][et_pb_accordion _builder_version=&#8221;4.25.0&#8243; _module_preset=&#8221;default&#8221; theme_builder_area=&#8221;post_content&#8221; hover_enabled=&#8221;0&#8243; sticky_enabled=&#8221;0&#8243;][et_pb_accordion_item _builder_version=&#8221;4.25.0&#8243; _module_preset=&#8221;default&#8221; theme_builder_area=&#8221;post_content&#8221; open=&#8221;on&#8221; hover_enabled=&#8221;0&#8243; sticky_enabled=&#8221;0&#8243;]<\/p>\n<p>U\u010denici 1. b zajedno sa svojom u\u010diteljicom obilje\u017eili su Dan jabuka. Cijeli dan je bio u znaku zdravog i slasnog vo\u0107a. Na satu Likovne kulture jabuku su nacrtali pa je ispunili komadi\u0107ima salvete. Sat Prirode i dru\u0161tva iskoristili su kako bi nau\u010dili dijelove jabuke. Pomo\u0107u jabuka u Matematici ponovili su \u0161to je to skup, a \u0161to \u010dlan skupa. Tako\u0111er su nau\u010dili \u0161to se to sve mo\u017ee\u00a0 od jabuka napraviti kao npr: sok, kola\u010d, pita, kompot i sl. Ku\u0161ali su vi\u0161e vrsta jabuka, zasladili se sokom od jabuke i svi zajedno u\u017eivali u okusu i mirisu tog jako zdravog, so\u010dnog vo\u0107a kojeg nazivaju i kraljicom vo\u0107a.<\/p>\n<p><img decoding=\"async\" src=\"https:\/\/os-sradic-im.skole.hr\/wp-content\/uploads\/sites\/1345\/2024\/10\/20241018_101145-1024x768.jpg\" width=\"675\" height=\"507\" alt=\"\" class=\"wp-image-294798 alignnone size-large\" style=\"margin-left: auto;margin-right: auto\" \/><\/p>\n<p>I u\u010denici 2.a obilje\u017eili su Svjetski dan jabuka. Iz hrvatskoga jezika \u010ditali su pri\u010di Dobro\u0107udni je\u017e, a iz TZK se natjecali tko \u0107e bolje i br\u017ee u paru dr\u017eati jabuku \u010delom. Ku\u0161ali su razne vrste jabuka, razgovarali o okusima te se na kraju po\u010dastili sokom od jabuke.<\/p>\n<p><img decoding=\"async\" src=\"https:\/\/os-sradic-im.skole.hr\/wp-content\/uploads\/sites\/1345\/2024\/10\/IMG-20241025-WA0008-1024x768.jpg\" width=\"705\" height=\"529\" alt=\"\" class=\"wp-image-294786 alignnone size-large\" style=\"margin-left: auto;margin-right: auto\" \/><\/p>\n<p>[\/et_pb_accordion_item][\/et_pb_accordion][\/et_pb_column][\/et_pb_row][\/et_pb_section]<\/p>\n","protected":false},"excerpt":{"rendered":"<p>U\u010denici 1. b zajedno sa svojom u\u010diteljicom obilje\u017eili su Dan jabuka. Cijeli dan je bio u znaku zdravog i slasnog vo\u0107a. Na satu Likovne kulture jabuku su nacrtali pa je ispunili komadi\u0107ima salvete. Sat Prirode i dru\u0161tva iskoristili su kako bi nau\u010dili dijelove jabuke. Pomo\u0107u jabuka u Matematici ponovili su \u0161to je to skup, a [&hellip;]<\/p>\n","protected":false},"author":2840,"featured_media":294789,"comment_status":"closed","ping_status":"closed","sticky":false,"template":"","format":"standard","meta":{"_et_pb_use_builder":"on","_et_pb_old_content":"","_et_gb_content_width":"","footnotes":""},"categories":[48],"tags":[],"class_list":["post-294783","post","type-post","status-publish","format-standard","has-post-thumbnail","hentry","category-naslovnica"],"_links":{"self":[{"href":"https:\/\/os-sradic-im.skole.hr\/index.php?rest_route=\/wp\/v2\/posts\/294783","targetHints":{"allow":["GET"]}}],"collection":[{"href":"https:\/\/os-sradic-im.skole.hr\/index.php?rest_route=\/wp\/v2\/posts"}],"about":[{"href":"https:\/\/os-sradic-im.skole.hr\/index.php?rest_route=\/wp\/v2\/types\/post"}],"author":[{"embeddable":true,"href":"https:\/\/os-sradic-im.skole.hr\/index.php?rest_route=\/wp\/v2\/users\/2840"}],"replies":[{"embeddable":true,"href":"https:\/\/os-sradic-im.skole.hr\/index.php?rest_route=%2Fwp%2Fv2%2Fcomments&post=294783"}],"version-history":[{"count":2,"href":"https:\/\/os-sradic-im.skole.hr\/index.php?rest_route=\/wp\/v2\/posts\/294783\/revisions"}],"predecessor-version":[{"id":294804,"href":"https:\/\/os-sradic-im.skole.hr\/index.php?rest_route=\/wp\/v2\/posts\/294783\/revisions\/294804"}],"wp:featuredmedia":[{"embeddable":true,"href":"https:\/\/os-sradic-im.skole.hr\/index.php?rest_route=\/wp\/v2\/media\/294789"}],"wp:attachment":[{"href":"https:\/\/os-sradic-im.skole.hr\/index.php?rest_route=%2Fwp%2Fv2%2Fmedia&parent=294783"}],"wp:term":[{"taxonomy":"category","embeddable":true,"href":"https:\/\/os-sradic-im.skole.hr\/index.php?rest_route=%2Fwp%2Fv2%2Fcategories&post=294783"},{"taxonomy":"post_tag","embeddable":true,"href":"https:\/\/os-sradic-im.skole.hr\/index.php?rest_route=%2Fwp%2Fv2%2Ftags&post=294783"}],"curies":[{"name":"wp","href":"https:\/\/api.w.org\/{rel}","templated":true}]}}