{"id":294624,"date":"2024-10-22T11:02:54","date_gmt":"2024-10-22T09:02:54","guid":{"rendered":"https:\/\/os-sradic-im.skole.hr\/?p=294624"},"modified":"2024-10-22T11:12:38","modified_gmt":"2024-10-22T09:12:38","slug":"pozdrav-jeseni","status":"publish","type":"post","link":"https:\/\/os-sradic-im.skole.hr\/?p=294624","title":{"rendered":"Pozdrav jeseni"},"content":{"rendered":"<p>[et_pb_section fb_built=&#8221;1&#8243; _builder_version=&#8221;4.25.0&#8243; _module_preset=&#8221;default&#8221; global_colors_info=&#8221;{}&#8221; theme_builder_area=&#8221;post_content&#8221;][et_pb_row _builder_version=&#8221;4.25.0&#8243; _module_preset=&#8221;default&#8221; global_colors_info=&#8221;{}&#8221; theme_builder_area=&#8221;post_content&#8221;][et_pb_column type=&#8221;4_4&#8243; _builder_version=&#8221;4.25.0&#8243; _module_preset=&#8221;default&#8221; global_colors_info=&#8221;{}&#8221; theme_builder_area=&#8221;post_content&#8221;][et_pb_accordion _builder_version=&#8221;4.25.0&#8243; _module_preset=&#8221;default&#8221; hover_enabled=&#8221;0&#8243; global_colors_info=&#8221;{}&#8221; theme_builder_area=&#8221;post_content&#8221; sticky_enabled=&#8221;0&#8243;][et_pb_accordion_item open=&#8221;on&#8221; _builder_version=&#8221;4.25.0&#8243; _module_preset=&#8221;default&#8221; hover_enabled=&#8221;0&#8243; global_colors_info=&#8221;{}&#8221; theme_builder_area=&#8221;post_content&#8221; sticky_enabled=&#8221;0&#8243;]<\/p>\n<p>U srijedu, 16. listopada 2024. g u\u010denici 2.A, 2.B i 3.B na\u0161e \u0161kole krenuli su na izvanu\u010dioni\u010dku nastavu Pozdrav jeseni.<\/p>\n<p>Uzbu\u0111eni zbog odlaska brzo su se poslo\u017eili u kolonu i u pratnji svojih u\u010diteljica uputili se u \u0161etnju.<\/p>\n<p><img decoding=\"async\" src=\"https:\/\/os-sradic-im.skole.hr\/wp-content\/uploads\/sites\/1345\/2024\/10\/Collage_20241021_213341-1024x768.jpg\" width=\"1024\" height=\"768\" alt=\"\" class=\"wp-image-294636 aligncenter size-large\" srcset=\"https:\/\/os-sradic-im.skole.hr\/wp-content\/uploads\/sites\/1345\/2024\/10\/Collage_20241021_213341-980x735.jpg 980w, https:\/\/os-sradic-im.skole.hr\/wp-content\/uploads\/sites\/1345\/2024\/10\/Collage_20241021_213341-480x360.jpg 480w\" sizes=\"(min-width: 0px) and (max-width: 480px) 480px, (min-width: 481px) and (max-width: 980px) 980px, (min-width: 981px) 1024px, 100vw\" \/><\/p>\n<p>Prvo su posjetili Postaju grani\u010dne policije Imotski gdje su ih do\u010dekali ljubazni slu\u017ebenici. Uslijedio je edukativni dio posjeta gdje su u\u010denici imali priliku upoznati se sa zanimljivostima posla policijskih slu\u017ebenika koji su rado i iscrpno odgovarali na sva njihova pitanja te ih upoznali s tehnikom i opremom koju koriste u svakodnevnom radu.<\/p>\n<p>U\u010denici su razgledali policijska vozila, motocikl, a posebno ih se dojmila prezentacija rada sa slu\u017ebenim policijskim psom.<\/p>\n<p>Tijekom posjeta, razgledavanja i dru\u017eenja posebna pa\u017enja posve\u0107ena je sigurnosti u prometu, gdje su policijski slu\u017ebenici podsjetili u\u010denike na va\u017enost po\u0161tivanja prometnih pravila, a poseban naglasak bio je na pravilnom kori\u0161tenju romobila.<\/p>\n<p>Na samom kraju edukacije i posjeta policijski slu\u017ebeni poklonili su u\u010denicima reflektiraju\u0107e narukvice, raspored sati i ispratili ih\u00a0 tijekom prelaska ulice.<\/p>\n<p><img decoding=\"async\" src=\"https:\/\/os-sradic-im.skole.hr\/wp-content\/uploads\/sites\/1345\/2024\/10\/Collage_20241021_214033-1-768x1024.jpg\" width=\"624\" height=\"832\" alt=\"\" class=\"wp-image-294657 aligncenter size-large\" srcset=\"https:\/\/os-sradic-im.skole.hr\/wp-content\/uploads\/sites\/1345\/2024\/10\/Collage_20241021_214033-1-768x1024.jpg 624w, https:\/\/os-sradic-im.skole.hr\/wp-content\/uploads\/sites\/1345\/2024\/10\/Collage_20241021_214033-1-480x640.jpg 480w\" sizes=\"(min-width: 0px) and (max-width: 480px) 480px, (min-width: 481px) 624px, 100vw\" \/><\/p>\n<p>U\u010denici su nastavili \u0161etnju prema Gaju. Pjevali su, razgovarali se i opu\u0161teno, razdragano i veselo (kako samo oni to znaju) nastavili put do ku\u0107ice u sredi\u0161tu.<\/p>\n<p><img decoding=\"async\" src=\"https:\/\/os-sradic-im.skole.hr\/wp-content\/uploads\/sites\/1345\/2024\/10\/Collage_20241021_213840-768x1024.jpg\" width=\"616\" height=\"821\" alt=\"\" class=\"wp-image-294630 aligncenter size-large\" srcset=\"https:\/\/os-sradic-im.skole.hr\/wp-content\/uploads\/sites\/1345\/2024\/10\/Collage_20241021_213840-768x1024.jpg 616w, https:\/\/os-sradic-im.skole.hr\/wp-content\/uploads\/sites\/1345\/2024\/10\/Collage_20241021_213840-480x640.jpg 480w\" sizes=\"(min-width: 0px) and (max-width: 480px) 480px, (min-width: 481px) 616px, 100vw\" \/><\/p>\n<p>Po dolasku su razgledali \u00a0bogat biljni i \u017eivotinjski svijet, pojeli sendvi\u010de i odmorili se. Nakon odmora uslijedile su dru\u0161tvene i dje\u010dje igre, dru\u017eenje, smijeh, istra\u017eivanje i odmor na \u010distom i svje\u017eem zraku.<\/p>\n<p><img decoding=\"async\" src=\"https:\/\/os-sradic-im.skole.hr\/wp-content\/uploads\/sites\/1345\/2024\/10\/Collage_20241021_213913-768x1024.jpg\" width=\"609\" height=\"812\" alt=\"\" class=\"wp-image-294633 aligncenter size-large\" srcset=\"https:\/\/os-sradic-im.skole.hr\/wp-content\/uploads\/sites\/1345\/2024\/10\/Collage_20241021_213913-768x1024.jpg 609w, https:\/\/os-sradic-im.skole.hr\/wp-content\/uploads\/sites\/1345\/2024\/10\/Collage_20241021_213913-480x640.jpg 480w\" sizes=\"(min-width: 0px) and (max-width: 480px) 480px, (min-width: 481px) 609px, 100vw\" \/><\/p>\n<p>Pred kraj su se fotografirali, poredali u kolonu i krenuli natrag u \u0161kolu. Putem su prepri\u010davali \u0161to ih se najvi\u0161e dojmilo u dana\u0161njem danu.<\/p>\n<p>Ovo je bio na\u0161 prvi ovogodi\u0161nji pozdrav nekom godi\u0161njem dobu i nadamo se da \u0107e ih biti jo\u0161.<\/p>\n<p>Na kraju se zahvaljujemo na\u010delniku Postaje grani\u010dne policije Imotski te ljubaznim policijskim slu\u017ebenicima na do\u010deku i gostoprimstvu.<\/p>\n<p>Ponosni smo i \u0161to smo prva \u0161kola koja ih je posjetila i vjerujemo kako \u0107e ovakvih posjeta biti jo\u0161 kao i edukacija koje \u0107e oni provesti, sve kako bismo imali \u0161to sigurnije okru\u017eenje za na\u0161u djecu!<\/p>\n<p>Antonija Milas, u\u010diteljica 2.A<\/p>\n<p>Jelena Vuj\u010di\u0107, u\u010diteljica 2.B<\/p>\n<p>Anita Meter, u\u010diteljica 3.B<\/p>\n<div style=\"width: 1080px;\" class=\"wp-video\"><video class=\"wp-video-shortcode\" id=\"video-294624-1\" width=\"1080\" height=\"1080\" preload=\"metadata\" controls=\"controls\"><source type=\"video\/mp4\" src=\"https:\/\/os-sradic-im.skole.hr\/wp-content\/uploads\/sites\/1345\/2024\/10\/VID-20241022-WA0000.mp4?_=1\" \/><a href=\"https:\/\/os-sradic-im.skole.hr\/wp-content\/uploads\/sites\/1345\/2024\/10\/VID-20241022-WA0000.mp4\">https:\/\/os-sradic-im.skole.hr\/wp-content\/uploads\/sites\/1345\/2024\/10\/VID-20241022-WA0000.mp4<\/a><\/video><\/div>\n<p>[\/et_pb_accordion_item][\/et_pb_accordion][\/et_pb_column][\/et_pb_row][\/et_pb_section]<\/p>\n","protected":false},"excerpt":{"rendered":"<p>U srijedu, 16. listopada 2024. g u\u010denici 2.A, 2.B i 3.B na\u0161e \u0161kole krenuli su na izvanu\u010dioni\u010dku nastavu Pozdrav jeseni. Uzbu\u0111eni zbog odlaska brzo su se poslo\u017eili u kolonu i u pratnji svojih u\u010diteljica uputili se u \u0161etnju. Prvo su posjetili Postaju grani\u010dne policije Imotski gdje su ih do\u010dekali ljubazni slu\u017ebenici. Uslijedio je edukativni dio [&hellip;]<\/p>\n","protected":false},"author":2840,"featured_media":294639,"comment_status":"closed","ping_status":"closed","sticky":false,"template":"","format":"standard","meta":{"_et_pb_use_builder":"on","_et_pb_old_content":"","_et_gb_content_width":"","footnotes":""},"categories":[48],"tags":[],"class_list":["post-294624","post","type-post","status-publish","format-standard","has-post-thumbnail","hentry","category-naslovnica"],"_links":{"self":[{"href":"https:\/\/os-sradic-im.skole.hr\/index.php?rest_route=\/wp\/v2\/posts\/294624","targetHints":{"allow":["GET"]}}],"collection":[{"href":"https:\/\/os-sradic-im.skole.hr\/index.php?rest_route=\/wp\/v2\/posts"}],"about":[{"href":"https:\/\/os-sradic-im.skole.hr\/index.php?rest_route=\/wp\/v2\/types\/post"}],"author":[{"embeddable":true,"href":"https:\/\/os-sradic-im.skole.hr\/index.php?rest_route=\/wp\/v2\/users\/2840"}],"replies":[{"embeddable":true,"href":"https:\/\/os-sradic-im.skole.hr\/index.php?rest_route=%2Fwp%2Fv2%2Fcomments&post=294624"}],"version-history":[{"count":7,"href":"https:\/\/os-sradic-im.skole.hr\/index.php?rest_route=\/wp\/v2\/posts\/294624\/revisions"}],"predecessor-version":[{"id":294672,"href":"https:\/\/os-sradic-im.skole.hr\/index.php?rest_route=\/wp\/v2\/posts\/294624\/revisions\/294672"}],"wp:featuredmedia":[{"embeddable":true,"href":"https:\/\/os-sradic-im.skole.hr\/index.php?rest_route=\/wp\/v2\/media\/294639"}],"wp:attachment":[{"href":"https:\/\/os-sradic-im.skole.hr\/index.php?rest_route=%2Fwp%2Fv2%2Fmedia&parent=294624"}],"wp:term":[{"taxonomy":"category","embeddable":true,"href":"https:\/\/os-sradic-im.skole.hr\/index.php?rest_route=%2Fwp%2Fv2%2Fcategories&post=294624"},{"taxonomy":"post_tag","embeddable":true,"href":"https:\/\/os-sradic-im.skole.hr\/index.php?rest_route=%2Fwp%2Fv2%2Ftags&post=294624"}],"curies":[{"name":"wp","href":"https:\/\/api.w.org\/{rel}","templated":true}]}}